{"id":797,"date":"2020-08-29T18:00:00","date_gmt":"2020-08-29T16:00:00","guid":{"rendered":"https:\/\/feuerwehr-wiesendangen.ch\/lokal\/?p=797"},"modified":"2021-02-22T22:31:18","modified_gmt":"2021-02-22T21:31:18","slug":"haupt-umzug","status":"publish","type":"post","link":"https:\/\/feuerwehr-wiesendangen.ch\/lokal\/haupt-umzug\/","title":{"rendered":"29.08.2020 &#8211; Haupt-Umzug"},"content":{"rendered":"\n<p class=\"wp-block-paragraph\">Nach diversen Vorbereitungen steht nun der Umzug der Kleider und dem Kommando-Bereich an. Die Kleider wurden in Kisten verpackt, die Garderoben-Kasten gez\u00fcgelt und alles wieder einger\u00e4umt.<br>Das Tankl\u00f6schfahrzeug ist ab sofort im Werkhof untergebracht. Ab sofort ist das Provisorium nun unser Anlaufpunkt bei \u00dcbungen und Eins\u00e4tzen<\/p>\n\n\n\nngg_shortcode_0_placeholder\n","protected":false},"excerpt":{"rendered":"<p>Nach diversen Vorbereitungen steht nun der Umzug der Kleider und dem Kommando-Bereich an. Die Kleider wurden in Kisten verpackt, die Garderoben-Kasten gez\u00fcgelt und alles wieder einger\u00e4umt.Das Tankl\u00f6schfahrzeug ist ab sofort im Werkhof untergebracht. Ab sofort ist das Provisorium nun unser Anlaufpunkt bei \u00dcbungen und Eins\u00e4tzen<\/p>\n","protected":false},"author":1,"featured_media":0,"comment_status":"closed","ping_status":"closed","sticky":false,"template":"","format":"standard","meta":{"ngg_post_thumbnail":0,"wpmdr_menu":1,"wpmdr_menu_extended":{"individualPostRemove":1,"individualPostRemoveDate":1,"individualPostRemoveAuthor":1,"individualPostYoastRemovePublished":1,"individualPostYoastRemoveModified":1},"footnotes":""},"categories":[27],"tags":[],"class_list":["post-797","post","type-post","status-publish","format-standard","hentry","category-provisorium"],"_links":{"self":[{"href":"https:\/\/feuerwehr-wiesendangen.ch\/lokal\/wp-json\/wp\/v2\/posts\/797","targetHints":{"allow":["GET"]}}],"collection":[{"href":"https:\/\/feuerwehr-wiesendangen.ch\/lokal\/wp-json\/wp\/v2\/posts"}],"about":[{"href":"https:\/\/feuerwehr-wiesendangen.ch\/lokal\/wp-json\/wp\/v2\/types\/post"}],"author":[{"embeddable":true,"href":"https:\/\/feuerwehr-wiesendangen.ch\/lokal\/wp-json\/wp\/v2\/users\/1"}],"replies":[{"embeddable":true,"href":"https:\/\/feuerwehr-wiesendangen.ch\/lokal\/wp-json\/wp\/v2\/comments?post=797"}],"version-history":[{"count":2,"href":"https:\/\/feuerwehr-wiesendangen.ch\/lokal\/wp-json\/wp\/v2\/posts\/797\/revisions"}],"predecessor-version":[{"id":903,"href":"https:\/\/feuerwehr-wiesendangen.ch\/lokal\/wp-json\/wp\/v2\/posts\/797\/revisions\/903"}],"wp:attachment":[{"href":"https:\/\/feuerwehr-wiesendangen.ch\/lokal\/wp-json\/wp\/v2\/media?parent=797"}],"wp:term":[{"taxonomy":"category","embeddable":true,"href":"https:\/\/feuerwehr-wiesendangen.ch\/lokal\/wp-json\/wp\/v2\/categories?post=797"},{"taxonomy":"post_tag","embeddable":true,"href":"https:\/\/feuerwehr-wiesendangen.ch\/lokal\/wp-json\/wp\/v2\/tags?post=797"}],"curies":[{"name":"wp","href":"https:\/\/api.w.org\/{rel}","templated":true}]}}