{"id":751,"date":"2020-07-08T18:00:00","date_gmt":"2020-07-08T16:00:00","guid":{"rendered":"https:\/\/feuerwehr-wiesendangen.ch\/lokal\/?p=751"},"modified":"2021-02-22T22:31:42","modified_gmt":"2021-02-22T21:31:42","slug":"einbau-atemschutz-retablierung","status":"publish","type":"post","link":"https:\/\/feuerwehr-wiesendangen.ch\/lokal\/einbau-atemschutz-retablierung\/","title":{"rendered":"08.07.2020 &#8211; Einbau Atemschutz-Retablierung"},"content":{"rendered":"\n<p class=\"wp-block-paragraph\">Der Waschtrog f\u00fcr die Atemschutz-Retablierung wurde aus dem alten Feuerwehr-Lokal in das Provisorium \u00fcbernommen. Ebenfalls wurde die bestehende F\u00fcll-Anlage f\u00fcr die Pressluft-Flaschen eingebaut<\/p>\n\n\n\nngg_shortcode_0_placeholder\n","protected":false},"excerpt":{"rendered":"<p>Der Waschtrog f\u00fcr die Atemschutz-Retablierung wurde aus dem alten Feuerwehr-Lokal in das Provisorium \u00fcbernommen. Ebenfalls wurde die bestehende F\u00fcll-Anlage f\u00fcr die Pressluft-Flaschen eingebaut<\/p>\n","protected":false},"author":1,"featured_media":0,"comment_status":"closed","ping_status":"closed","sticky":false,"template":"","format":"standard","meta":{"ngg_post_thumbnail":0,"wpmdr_menu":1,"wpmdr_menu_extended":{"individualPostRemove":1,"individualPostRemoveDate":1,"individualPostRemoveAuthor":1,"individualPostYoastRemovePublished":1,"individualPostYoastRemoveModified":1},"footnotes":""},"categories":[27],"tags":[],"class_list":["post-751","post","type-post","status-publish","format-standard","hentry","category-provisorium"],"_links":{"self":[{"href":"https:\/\/feuerwehr-wiesendangen.ch\/lokal\/wp-json\/wp\/v2\/posts\/751","targetHints":{"allow":["GET"]}}],"collection":[{"href":"https:\/\/feuerwehr-wiesendangen.ch\/lokal\/wp-json\/wp\/v2\/posts"}],"about":[{"href":"https:\/\/feuerwehr-wiesendangen.ch\/lokal\/wp-json\/wp\/v2\/types\/post"}],"author":[{"embeddable":true,"href":"https:\/\/feuerwehr-wiesendangen.ch\/lokal\/wp-json\/wp\/v2\/users\/1"}],"replies":[{"embeddable":true,"href":"https:\/\/feuerwehr-wiesendangen.ch\/lokal\/wp-json\/wp\/v2\/comments?post=751"}],"version-history":[{"count":3,"href":"https:\/\/feuerwehr-wiesendangen.ch\/lokal\/wp-json\/wp\/v2\/posts\/751\/revisions"}],"predecessor-version":[{"id":905,"href":"https:\/\/feuerwehr-wiesendangen.ch\/lokal\/wp-json\/wp\/v2\/posts\/751\/revisions\/905"}],"wp:attachment":[{"href":"https:\/\/feuerwehr-wiesendangen.ch\/lokal\/wp-json\/wp\/v2\/media?parent=751"}],"wp:term":[{"taxonomy":"category","embeddable":true,"href":"https:\/\/feuerwehr-wiesendangen.ch\/lokal\/wp-json\/wp\/v2\/categories?post=751"},{"taxonomy":"post_tag","embeddable":true,"href":"https:\/\/feuerwehr-wiesendangen.ch\/lokal\/wp-json\/wp\/v2\/tags?post=751"}],"curies":[{"name":"wp","href":"https:\/\/api.w.org\/{rel}","templated":true}]}}