{"id":721,"date":"2020-09-15T22:00:00","date_gmt":"2020-09-15T20:00:00","guid":{"rendered":"https:\/\/feuerwehr-wiesendangen.ch\/lokal\/?p=721"},"modified":"2021-02-22T22:30:02","modified_gmt":"2021-02-22T21:30:02","slug":"abbruch-schopf-anbau-1","status":"publish","type":"post","link":"https:\/\/feuerwehr-wiesendangen.ch\/lokal\/abbruch-schopf-anbau-1\/","title":{"rendered":"15.09.2020 &#8211; Abbruch Schopf-Anbau 1"},"content":{"rendered":"\n<p class=\"wp-block-paragraph\">R\u00fcckbau vom Schopf-Anbau. Neu wird der Platz f\u00fcr die Ausfahrt aus der Waschbox ben\u00f6tigt<\/p>\n\n\n\nngg_shortcode_0_placeholder\n\n\n\n<p class=\"wp-block-paragraph\">Die alte Funk-Antenne wird zuk\u00fcnftig nicht mehr ben\u00f6tigt. Diese wurde ebenfalls abgebaut<\/p>\n\n\n\nngg_shortcode_1_placeholder\n\n\n\n<p class=\"wp-block-paragraph\">Da wir sowieso am entsorgen sind, wird auch die nicht mehr ben\u00f6tigte Leiter zerkleinert<\/p>\n\n\n\nngg_shortcode_2_placeholder\n","protected":false},"excerpt":{"rendered":"<p>R\u00fcckbau vom Schopf-Anbau. Neu wird der Platz f\u00fcr die Ausfahrt aus der Waschbox ben\u00f6tigt Die alte Funk-Antenne wird zuk\u00fcnftig nicht mehr ben\u00f6tigt. Diese wurde ebenfalls abgebaut Da wir sowieso am entsorgen sind, wird auch die nicht mehr ben\u00f6tigte Leiter zerkleinert<\/p>\n","protected":false},"author":1,"featured_media":0,"comment_status":"closed","ping_status":"closed","sticky":false,"template":"","format":"standard","meta":{"ngg_post_thumbnail":0,"wpmdr_menu":1,"wpmdr_menu_extended":{"individualPostRemove":1,"individualPostRemoveDate":1,"individualPostRemoveAuthor":1,"individualPostYoastRemovePublished":1,"individualPostYoastRemoveModified":1},"footnotes":""},"categories":[25],"tags":[],"class_list":["post-721","post","type-post","status-publish","format-standard","hentry","category-umbau-umbau"],"_links":{"self":[{"href":"https:\/\/feuerwehr-wiesendangen.ch\/lokal\/wp-json\/wp\/v2\/posts\/721","targetHints":{"allow":["GET"]}}],"collection":[{"href":"https:\/\/feuerwehr-wiesendangen.ch\/lokal\/wp-json\/wp\/v2\/posts"}],"about":[{"href":"https:\/\/feuerwehr-wiesendangen.ch\/lokal\/wp-json\/wp\/v2\/types\/post"}],"author":[{"embeddable":true,"href":"https:\/\/feuerwehr-wiesendangen.ch\/lokal\/wp-json\/wp\/v2\/users\/1"}],"replies":[{"embeddable":true,"href":"https:\/\/feuerwehr-wiesendangen.ch\/lokal\/wp-json\/wp\/v2\/comments?post=721"}],"version-history":[{"count":2,"href":"https:\/\/feuerwehr-wiesendangen.ch\/lokal\/wp-json\/wp\/v2\/posts\/721\/revisions"}],"predecessor-version":[{"id":898,"href":"https:\/\/feuerwehr-wiesendangen.ch\/lokal\/wp-json\/wp\/v2\/posts\/721\/revisions\/898"}],"wp:attachment":[{"href":"https:\/\/feuerwehr-wiesendangen.ch\/lokal\/wp-json\/wp\/v2\/media?parent=721"}],"wp:term":[{"taxonomy":"category","embeddable":true,"href":"https:\/\/feuerwehr-wiesendangen.ch\/lokal\/wp-json\/wp\/v2\/categories?post=721"},{"taxonomy":"post_tag","embeddable":true,"href":"https:\/\/feuerwehr-wiesendangen.ch\/lokal\/wp-json\/wp\/v2\/tags?post=721"}],"curies":[{"name":"wp","href":"https:\/\/api.w.org\/{rel}","templated":true}]}}