{"id":500,"date":"2019-07-08T00:47:37","date_gmt":"2019-07-07T22:47:37","guid":{"rendered":"http:\/\/www.feuerwehr-wiesendangen.ch\/lokal\/?p=500"},"modified":"2019-08-05T01:13:59","modified_gmt":"2019-08-04T23:13:59","slug":"nacht-der-offenen-tore","status":"publish","type":"post","link":"https:\/\/feuerwehr-wiesendangen.ch\/lokal\/nacht-der-offenen-tore\/","title":{"rendered":"Nacht der offenen Tore"},"content":{"rendered":"\n<figure class=\"wp-block-image is-resized\"><img loading=\"lazy\" decoding=\"async\" src=\"http:\/\/www.feuerwehr-wiesendangen.ch\/lokal\/wp-content\/uploads\/2019\/08\/Banner_Quadrat-1024x1024.jpg\" alt=\"\" class=\"wp-image-535\" width=\"512\" height=\"512\" srcset=\"https:\/\/feuerwehr-wiesendangen.ch\/lokal\/wp-content\/uploads\/2019\/08\/Banner_Quadrat-1024x1024.jpg 1024w, https:\/\/feuerwehr-wiesendangen.ch\/lokal\/wp-content\/uploads\/2019\/08\/Banner_Quadrat-150x150.jpg 150w, https:\/\/feuerwehr-wiesendangen.ch\/lokal\/wp-content\/uploads\/2019\/08\/Banner_Quadrat-300x300.jpg 300w, https:\/\/feuerwehr-wiesendangen.ch\/lokal\/wp-content\/uploads\/2019\/08\/Banner_Quadrat-768x768.jpg 768w, https:\/\/feuerwehr-wiesendangen.ch\/lokal\/wp-content\/uploads\/2019\/08\/Banner_Quadrat-100x100.jpg 100w, https:\/\/feuerwehr-wiesendangen.ch\/lokal\/wp-content\/uploads\/2019\/08\/Banner_Quadrat.jpg 1080w\" sizes=\"auto, (max-width: 512px) 100vw, 512px\" \/><\/figure>\n\n\n\n<p class=\"wp-block-paragraph\">Anl\u00e4sslich des 150-Jahr-Jubil\u00e4ums vom Schweizerischen Feuerwehrverbandes, \u00f6ffnen rund\u00a0<a rel=\"noreferrer noopener\" href=\"https:\/\/www.google.com\/maps\/d\/viewer?mid=1hkio8vMVJU0z8IOPn7mL5J532A2b12KC&amp;ll=46.82435669276869%2C8.314757399999962&amp;z=8\" target=\"_blank\">650 Feuerwehren ihre Tore<\/a>. Auch die Feuerwehr Wiesendangen macht mit! <br>Im Rahmen eines After-Work-Anlasses besteht die M\u00f6glichkeit, am 30. August 2019 ab 17:00 Uhr bis Mitternacht das Depot anzuschauen und mehr \u00fcber unsere Feuerwehr zu erfahren.<br><br>Programm, Freitag 30. August 2019<\/p>\n\n\n\n<ul class=\"wp-block-list\"><li> Ab 17:00 Uhr Depot-\u00d6ffnungInformationen rund um das Funktionieren unserer Feuerwehr \u2013 Vergangenheit, Gegenwart und Zukunft<br>Ger\u00e4te und Ausr\u00fcstung aus- und anprobieren<br>Schl\u00fcsselanh\u00e4nger basteln aus Schlauchmaterial<br>Kleine Festwirtschaft mit Getr\u00e4nken<br>Verpflegungsm\u00f6glichkeit (Waldfest und Sch\u00fcblig mit Bauernbrot)<br>Give-Aways vom Jubil\u00e4umsanlass 150-Jahre SFV<br>Informationsm\u00f6glichkeit \u00fcber das Projekt \u00abUmbau\/Erweiterung Feuerwehrlokal Wiesendangen\u00bb<br>24:00 Uhr Depot-Schliessung <\/li><\/ul>\n\n\n\n<p class=\"wp-block-paragraph\">Wir freuen uns bereits jetzt auf Ihren Besuch!<\/p>\n\n\n\n<p class=\"wp-block-paragraph\">Ihre Feuerwehr Wiesendangen<\/p>\n\n\n\n<p class=\"wp-block-paragraph\">Allgemeine Informationen zum nationalen Anlass \u00abNacht der offenen Tore\u00bb finden Sie auf der Homepage&nbsp;vom&nbsp;<a href=\"https:\/\/www.swissfire.ch\/jubilaeum\/nacht-der-offenen-toretag-der-offenen-tueren\/\" target=\"_blank\" rel=\"noreferrer noopener\">Schweizerischen Feuerwehrverband Swissfire<\/a><\/p>\n\n\n\n<p class=\"wp-block-paragraph\">&#8212;<\/p>\n\n\n\n<p class=\"wp-block-paragraph\"><a href=\"http:\/\/www.feuerwehr-wiesendangen.ch\/joomla3\/images\/berichte\/2019\/20190830_NdoT\/2019_Flyer_NdoT.pdf\" target=\"_blank\" rel=\"noreferrer noopener\">Flyer zu &#8220;Nacht der offenen Tore&#8221;<\/a><\/p>\n","protected":false},"excerpt":{"rendered":"<p>Anl\u00e4sslich des 150-Jahr-Jubil\u00e4ums vom Schweizerischen Feuerwehrverbandes, \u00f6ffnen rund\u00a0650 Feuerwehren ihre Tore. Auch die Feuerwehr Wiesendangen macht mit! Im Rahmen eines After-Work-Anlasses besteht die M\u00f6glichkeit, am 30. August 2019 ab 17:00 Uhr bis Mitternacht das Depot anzuschauen und mehr \u00fcber unsere Feuerwehr zu erfahren. Programm, Freitag 30. August 2019 Ab 17:00 Uhr Depot-\u00d6ffnungInformationen rund um das &hellip; <\/p>\n<p class=\"link-more\"><a href=\"https:\/\/feuerwehr-wiesendangen.ch\/lokal\/nacht-der-offenen-tore\/\" class=\"more-link\"><span class=\"screen-reader-text\">\u201eNacht der offenen Tore\u201c <\/span>weiterlesen<\/a><\/p>\n","protected":false},"author":1,"featured_media":0,"comment_status":"closed","ping_status":"closed","sticky":false,"template":"","format":"standard","meta":{"ngg_post_thumbnail":0,"wpmdr_menu":1,"wpmdr_menu_extended":{"individualPostRemove":1,"individualPostRemoveDate":1,"individualPostRemoveAuthor":1,"individualPostYoastRemovePublished":1,"individualPostYoastRemoveModified":1},"footnotes":""},"categories":[1],"tags":[],"class_list":["post-500","post","type-post","status-publish","format-standard","hentry","category-uncategorized"],"_links":{"self":[{"href":"https:\/\/feuerwehr-wiesendangen.ch\/lokal\/wp-json\/wp\/v2\/posts\/500","targetHints":{"allow":["GET"]}}],"collection":[{"href":"https:\/\/feuerwehr-wiesendangen.ch\/lokal\/wp-json\/wp\/v2\/posts"}],"about":[{"href":"https:\/\/feuerwehr-wiesendangen.ch\/lokal\/wp-json\/wp\/v2\/types\/post"}],"author":[{"embeddable":true,"href":"https:\/\/feuerwehr-wiesendangen.ch\/lokal\/wp-json\/wp\/v2\/users\/1"}],"replies":[{"embeddable":true,"href":"https:\/\/feuerwehr-wiesendangen.ch\/lokal\/wp-json\/wp\/v2\/comments?post=500"}],"version-history":[{"count":7,"href":"https:\/\/feuerwehr-wiesendangen.ch\/lokal\/wp-json\/wp\/v2\/posts\/500\/revisions"}],"predecessor-version":[{"id":540,"href":"https:\/\/feuerwehr-wiesendangen.ch\/lokal\/wp-json\/wp\/v2\/posts\/500\/revisions\/540"}],"wp:attachment":[{"href":"https:\/\/feuerwehr-wiesendangen.ch\/lokal\/wp-json\/wp\/v2\/media?parent=500"}],"wp:term":[{"taxonomy":"category","embeddable":true,"href":"https:\/\/feuerwehr-wiesendangen.ch\/lokal\/wp-json\/wp\/v2\/categories?post=500"},{"taxonomy":"post_tag","embeddable":true,"href":"https:\/\/feuerwehr-wiesendangen.ch\/lokal\/wp-json\/wp\/v2\/tags?post=500"}],"curies":[{"name":"wp","href":"https:\/\/api.w.org\/{rel}","templated":true}]}}