{"id":49,"date":"2019-04-14T17:45:20","date_gmt":"2019-04-14T15:45:20","guid":{"rendered":"http:\/\/www.feuerwehr-wiesendangen.ch\/lokal\/?p=49"},"modified":"2020-06-23T01:37:51","modified_gmt":"2020-06-22T23:37:51","slug":"gepruefte-varianten","status":"publish","type":"post","link":"https:\/\/feuerwehr-wiesendangen.ch\/lokal\/gepruefte-varianten\/","title":{"rendered":"Varianten"},"content":{"rendered":"\n<h3 class=\"wp-block-heading\"><strong>Variante 1<\/strong><\/h3>\n\n\n\n<table id=\"tablepress-2\" class=\"tablepress tablepress-id-2\">\n<thead>\n<tr class=\"row-1\">\n\t<td class=\"column-1\"><\/td><th class=\"column-2\">Aktueller Standort<br \/>\nRenovation und Erweiterung<\/th>\n<\/tr>\n<\/thead>\n<tbody class=\"row-striping row-hover\">\n<tr class=\"row-2\">\n\t<td class=\"column-1\"><\/td><td class=\"column-2\"><img loading=\"lazy\" decoding=\"async\" src=\"http:\/\/www.feuerwehr-wiesendangen.ch\/lokal\/wp-content\/uploads\/2019\/04\/Variante-1-1.png\" alt=\"\" width=\"450\" height=\"260\" class=\"alignnone size-medium wp-image-151\" srcset=\"https:\/\/feuerwehr-wiesendangen.ch\/lokal\/wp-content\/uploads\/2019\/04\/Variante-1-1.png 1382w, https:\/\/feuerwehr-wiesendangen.ch\/lokal\/wp-content\/uploads\/2019\/04\/Variante-1-1-300x173.png 300w, https:\/\/feuerwehr-wiesendangen.ch\/lokal\/wp-content\/uploads\/2019\/04\/Variante-1-1-768x443.png 768w, https:\/\/feuerwehr-wiesendangen.ch\/lokal\/wp-content\/uploads\/2019\/04\/Variante-1-1-1024x591.png 1024w\" sizes=\"auto, (max-width: 450px) 100vw, 450px\" \/><\/td>\n<\/tr>\n<tr class=\"row-3\">\n\t<td class=\"column-1\">Beschreibung<\/td><td class=\"column-2\"><ul><li>Sanierung des bestehenden Geb\u00e4udes<\/li><li>Anbau f\u00fcr Garderoben und Atemschutzretablierung<\/li><li>Anbau Waschbox \/ zus\u00e4tzlicher Einstellplatz<\/li><\/ul><\/td>\n<\/tr>\n<tr class=\"row-4\">\n\t<td class=\"column-1\">Vorteile<\/td><td class=\"column-2\"><ul><li>Zentraler Standort f\u00fcr die Erf\u00fcllung der Einsatzzeiten<\/li><li>N\u00e4he Werkhof, Synergien nutzen<\/li><li>L\u00e4rmemissionen mehrheitlich von Anwohnern abgeschirmt<\/li><li>Kein zus\u00e4tzlicher Landverbrauch<\/li><\/ul><\/td>\n<\/tr>\n<tr class=\"row-5\">\n\t<td class=\"column-1\">Nachteile<\/td><td class=\"column-2\"><ul><li>Hohe Kosten f\u00fcr Sanierung des alten Geb\u00e4udeteils<\/li><li>Einschr\u00e4nkungen w\u00e4hrend der Bauphase<\/li><\/ul><\/td>\n<\/tr>\n<tr class=\"row-6\">\n\t<td class=\"column-1\">Fazit<\/td><td class=\"column-2\"><ul><li>Der zentrale Standort ist der grosse Vorteil<\/li><li>Mit der Renovation und Erweiterung kann eine nachhaltig optimale Nutzung erreicht werden<\/li><li>GVZ-Subventionen k\u00f6nnen noch beantragt werden (bis M\u00e4rz 2020)<\/li><\/ul><\/td>\n<\/tr>\n<\/tbody>\n<\/table>\n<!-- #tablepress-2 from cache -->\n\n\n\n<h3 class=\"wp-block-heading\"><strong>Variante 2<\/strong><\/h3>\n\n\n\n<table id=\"tablepress-3\" class=\"tablepress tablepress-id-3\">\n<thead>\n<tr class=\"row-1\">\n\t<td class=\"column-1\"><\/td><th class=\"column-2\">Aktueller Standort<br \/>\n\"Embracher-Bau\"<\/th>\n<\/tr>\n<\/thead>\n<tbody class=\"row-striping row-hover\">\n<tr class=\"row-2\">\n\t<td class=\"column-1\"><\/td><td class=\"column-2\"><img loading=\"lazy\" decoding=\"async\" src=\"http:\/\/www.feuerwehr-wiesendangen.ch\/lokal\/wp-content\/uploads\/2019\/04\/Variante-2.jpg\" alt=\"\" width=\"450\" height=\"314\" class=\"alignnone size-medium wp-image-153\" srcset=\"https:\/\/feuerwehr-wiesendangen.ch\/lokal\/wp-content\/uploads\/2019\/04\/Variante-2.jpg 661w, https:\/\/feuerwehr-wiesendangen.ch\/lokal\/wp-content\/uploads\/2019\/04\/Variante-2-300x209.jpg 300w\" sizes=\"auto, (max-width: 450px) 100vw, 450px\" \/><\/td>\n<\/tr>\n<tr class=\"row-3\">\n\t<td class=\"column-1\">Beschreibung <\/td><td class=\"column-2\"><ul><li>Abriss altes Feuerwehr-Lokal<\/li><li>Abriss Schopf<\/li><li>Kubischer Industriebau als Neubau<\/li><\/ul><\/td>\n<\/tr>\n<tr class=\"row-4\">\n\t<td class=\"column-1\">Vorteile<\/td><td class=\"column-2\">Siehe Vorteile Variante 1<br \/>\n<ul><li>Optimale Nutzung (Arbeitsabl\u00e4ufe, ...)<\/li><\/ul><br \/>\n<\/td>\n<\/tr>\n<tr class=\"row-5\">\n\t<td class=\"column-1\">Nachteile<\/td><td class=\"column-2\"><ul><li>Umsetzung gem\u00e4ss Amt f\u00fcr Raumentwicklung (ARE) nicht realistisch<\/li><\/ul><\/td>\n<\/tr>\n<tr class=\"row-6\">\n\t<td class=\"column-1\">Fazit<\/td><td class=\"column-2\"><ul><li>Umsetzung nicht realistisch<\/li><li>Ein Neubau gem\u00e4ss geltenden Vorgaben f\u00fcr Kernzone ist mit grossem Kostenaufwand verbunden<\/li><\/ul><\/td>\n<\/tr>\n<\/tbody>\n<\/table>\n<!-- #tablepress-3 from cache -->\n\n\n\n<h3 class=\"wp-block-heading\"><strong>Variante 3<\/strong><\/h3>\n\n\n\n<table id=\"tablepress-4\" class=\"tablepress tablepress-id-4\">\n<thead>\n<tr class=\"row-1\">\n\t<td class=\"column-1\"><\/td><th class=\"column-2\">Standort L\u00fcss<br \/>\n\"Embracher-Bau\"<\/th>\n<\/tr>\n<\/thead>\n<tbody class=\"row-striping row-hover\">\n<tr class=\"row-2\">\n\t<td class=\"column-1\"><\/td><td class=\"column-2\"><img loading=\"lazy\" decoding=\"async\" src=\"http:\/\/www.feuerwehr-wiesendangen.ch\/lokal\/wp-content\/uploads\/2019\/04\/Variante-3-1.png\" alt=\"\" width=\"450\" height=\"259\" class=\"alignnone size-full wp-image-154\" srcset=\"https:\/\/feuerwehr-wiesendangen.ch\/lokal\/wp-content\/uploads\/2019\/04\/Variante-3-1.png 687w, https:\/\/feuerwehr-wiesendangen.ch\/lokal\/wp-content\/uploads\/2019\/04\/Variante-3-1-300x172.png 300w\" sizes=\"auto, (max-width: 450px) 100vw, 450px\" \/><\/td>\n<\/tr>\n<tr class=\"row-3\">\n\t<td class=\"column-1\">Beschreibung<\/td><td class=\"column-2\"><ul><il>Kubischer Industriebau als Neubau auf der \"gr\u00fcnen Wiese\"<\/il><il>In der Zone f\u00fcr \u00f6ffentliche Bauten im Gebiet L\u00fcss<\/il><\/ul><\/td>\n<\/tr>\n<tr class=\"row-4\">\n\t<td class=\"column-1\">Vorteile<\/td><td class=\"column-2\"><ul><li>G\u00fcnstigere Baukosten vom Geb\u00e4ude<\/li><li>Optimale Nutzung (Arbeitsabl\u00e4ufe, ...)<\/li><\/ul><\/td>\n<\/tr>\n<tr class=\"row-5\">\n\t<td class=\"column-1\">Nachteile<\/td><td class=\"column-2\"><ul><li>Gr\u00fcnfl\u00e4che wird \u00fcberbaut<\/li><li>L\u00e4rmemissionen im Wohngebiet<\/li><li>Nutzung \"alter Standort\" (Sanierungskosten f\u00fcr Weiternutzung, ...)<\/li><li>Gesamtkosten mit Grundst\u00fcckswert ist h\u00f6her<\/li><\/ul><\/td>\n<\/tr>\n<tr class=\"row-6\">\n\t<td class=\"column-1\">Fazit<\/td><td class=\"column-2\"><ul><li>Standort aus Sicht der Einsatz-Zeiten gut<\/li><li>Es wird mit gr\u00f6sserem Widerstand seitens Bev\u00f6lkerung gerechnet<\/li><li>Die Gesamtkosten mit Grundst\u00fcckswert und Nutzung alter Standort sind hoch<\/li><\/ul><\/td>\n<\/tr>\n<\/tbody>\n<\/table>\n<!-- #tablepress-4 from cache -->\n\n\n\n<h3 class=\"wp-block-heading\"><strong>Variante 4<\/strong><\/h3>\n\n\n\n<table id=\"tablepress-5\" class=\"tablepress tablepress-id-5\">\n<thead>\n<tr class=\"row-1\">\n\t<td class=\"column-1\"><\/td><th class=\"column-2\">Standort neues Arbeitsplatzgebiet<br \/>\n\"Embracher-Bau\"<\/th>\n<\/tr>\n<\/thead>\n<tbody class=\"row-striping row-hover\">\n<tr class=\"row-2\">\n\t<td class=\"column-1\"><\/td><td class=\"column-2\"><img loading=\"lazy\" decoding=\"async\" src=\"http:\/\/www.feuerwehr-wiesendangen.ch\/lokal\/wp-content\/uploads\/2019\/04\/Variante-4-1.png\" alt=\"\" width=\"450\" height=\"363\" class=\"alignnone size-full wp-image-155\" srcset=\"https:\/\/feuerwehr-wiesendangen.ch\/lokal\/wp-content\/uploads\/2019\/04\/Variante-4-1.png 579w, https:\/\/feuerwehr-wiesendangen.ch\/lokal\/wp-content\/uploads\/2019\/04\/Variante-4-1-300x242.png 300w\" sizes=\"auto, (max-width: 450px) 100vw, 450px\" \/><\/td>\n<\/tr>\n<tr class=\"row-3\">\n\t<td class=\"column-1\">Beschreibung<\/td><td class=\"column-2\">Kubischer Industriebau auf der \"gr\u00fcnen Wiese\" im geplanten Arbeitsplatzgebiet<\/td>\n<\/tr>\n<tr class=\"row-4\">\n\t<td class=\"column-1\">Vorteile<\/td><td class=\"column-2\">-<\/td>\n<\/tr>\n<tr class=\"row-5\">\n\t<td class=\"column-1\">Nachteile<\/td><td class=\"column-2\">-<\/td>\n<\/tr>\n<tr class=\"row-6\">\n\t<td class=\"column-1\">Fazit<\/td><td class=\"column-2\">Die Variante wurde nicht weiterverfolgt, da die Einhaltung der Einsatzzeiten nicht m\u00f6glich w\u00e4re<\/td>\n<\/tr>\n<\/tbody>\n<\/table>\n<!-- #tablepress-5 from cache -->\n\n\n\n<p class=\"wp-block-paragraph\"><\/p>\n\n\n\n<p class=\"wp-block-paragraph\"><\/p>\n\n\n\n<p class=\"wp-block-paragraph\"><strong>Erkl\u00e4rung zu &#8220;Embracher-Bau&#8221;<\/strong><\/p>\n\n\n\n<p class=\"wp-block-paragraph\">Beim Embracher-Bau handelt es sich um ein in Embrach auf der &#8220;gr\u00fcnen Wiese&#8221; erstellten Feuerwehr-Lokals. Bei der Planung wurde darauf geachtet, die Einteilung der R\u00e4umlichkeiten auf optimierte Einsatzabl\u00e4ufe auszurichten. Die Umsetzung erfolgte auf Basis eines einfachen Industriebaus.<\/p>\n\n\n\n<p class=\"wp-block-paragraph\"><strong>Anmerkung Variante 1 \/ 2<\/strong><\/p>\n\n\n\n<p class=\"wp-block-paragraph\">Die gezeichneten K\u00f6rper stellen nicht die endg\u00fcltige Form dar. Sie dienen nur der groben Visualisierung<\/p>\n","protected":false},"excerpt":{"rendered":"<p>Variante 1 Variante 2 Variante 3 Variante 4 Erkl\u00e4rung zu &#8220;Embracher-Bau&#8221; Beim Embracher-Bau handelt es sich um ein in Embrach auf der &#8220;gr\u00fcnen Wiese&#8221; erstellten Feuerwehr-Lokals. Bei der Planung wurde darauf geachtet, die Einteilung der R\u00e4umlichkeiten auf optimierte Einsatzabl\u00e4ufe auszurichten. Die Umsetzung erfolgte auf Basis eines einfachen Industriebaus. Anmerkung Variante 1 \/ 2 Die gezeichneten &hellip; <\/p>\n<p class=\"link-more\"><a href=\"https:\/\/feuerwehr-wiesendangen.ch\/lokal\/gepruefte-varianten\/\" class=\"more-link\"><span class=\"screen-reader-text\">\u201eVarianten\u201c <\/span>weiterlesen<\/a><\/p>\n","protected":false},"author":1,"featured_media":0,"comment_status":"closed","ping_status":"closed","sticky":false,"template":"","format":"standard","meta":{"ngg_post_thumbnail":0,"wpmdr_menu":2,"wpmdr_menu_extended":{"individualPostRemove":1,"individualPostRemoveDate":1,"individualPostRemoveAuthor":1,"individualPostYoastRemovePublished":1,"individualPostYoastRemoveModified":1},"footnotes":""},"categories":[6],"tags":[],"class_list":["post-49","post","type-post","status-publish","format-standard","hentry","category-varianten"],"_links":{"self":[{"href":"https:\/\/feuerwehr-wiesendangen.ch\/lokal\/wp-json\/wp\/v2\/posts\/49","targetHints":{"allow":["GET"]}}],"collection":[{"href":"https:\/\/feuerwehr-wiesendangen.ch\/lokal\/wp-json\/wp\/v2\/posts"}],"about":[{"href":"https:\/\/feuerwehr-wiesendangen.ch\/lokal\/wp-json\/wp\/v2\/types\/post"}],"author":[{"embeddable":true,"href":"https:\/\/feuerwehr-wiesendangen.ch\/lokal\/wp-json\/wp\/v2\/users\/1"}],"replies":[{"embeddable":true,"href":"https:\/\/feuerwehr-wiesendangen.ch\/lokal\/wp-json\/wp\/v2\/comments?post=49"}],"version-history":[{"count":12,"href":"https:\/\/feuerwehr-wiesendangen.ch\/lokal\/wp-json\/wp\/v2\/posts\/49\/revisions"}],"predecessor-version":[{"id":578,"href":"https:\/\/feuerwehr-wiesendangen.ch\/lokal\/wp-json\/wp\/v2\/posts\/49\/revisions\/578"}],"wp:attachment":[{"href":"https:\/\/feuerwehr-wiesendangen.ch\/lokal\/wp-json\/wp\/v2\/media?parent=49"}],"wp:term":[{"taxonomy":"category","embeddable":true,"href":"https:\/\/feuerwehr-wiesendangen.ch\/lokal\/wp-json\/wp\/v2\/categories?post=49"},{"taxonomy":"post_tag","embeddable":true,"href":"https:\/\/feuerwehr-wiesendangen.ch\/lokal\/wp-json\/wp\/v2\/tags?post=49"}],"curies":[{"name":"wp","href":"https:\/\/api.w.org\/{rel}","templated":true}]}}