{"id":426,"date":"2019-06-15T00:40:28","date_gmt":"2019-06-14T22:40:28","guid":{"rendered":"http:\/\/www.feuerwehr-wiesendangen.ch\/lokal\/?p=426"},"modified":"2019-06-23T21:45:51","modified_gmt":"2019-06-23T19:45:51","slug":"kostenzusammenstellung","status":"publish","type":"post","link":"https:\/\/feuerwehr-wiesendangen.ch\/lokal\/kostenzusammenstellung\/","title":{"rendered":"Kostenzusammenstellung"},"content":{"rendered":"\n<p class=\"wp-block-paragraph\">Die Kostenzusammenstellung wurde auf Basis einer bereits sehr detaillierten Planung erstellt.<br>Bei der Planung wurde hinsichtlich effizienter Arbeitsabl\u00e4ufe besonders Wert auf eine hohe Funktionalit\u00e4t gelegt. Aus diesem Grund m\u00f6chten wir im Rahmen unserer M\u00f6glichkeiten gewisse Inneneinrichtungen selber nach eigenen Vorgaben umsetzen. Dies erm\u00f6glicht uns im Vergleich zu den entsprechenden Standard-Produkten eine f\u00fcr uns besser passende L\u00f6sung. Durch die eigene Umsetzung k\u00f6nnen so auch Kosten gespart werden.<\/p>\n\n\n\n<p class=\"wp-block-paragraph\"><a rel=\"noreferrer noopener\" aria-label=\"Umbau \/ Erweiterung Feuerwehrgeb\u00e4ude Wiesendangen (\u00f6ffnet in neuem Tab)\" href=\"http:\/\/www.feuerwehr-wiesendangen.ch\/lokal\/wp-content\/uploads\/2019\/06\/Kostenzusammenstellung.pdf\" target=\"_blank\">Kosten\u00fcbersicht &#8220;Umbau \/ Erweiterung Feuerwehrlokal&#8221;<\/a><\/p>\n\n\n\n<p class=\"wp-block-paragraph\">Nach einer Annahme des Projektes besteht die M\u00f6glichkeit, bei der <abbr class='c2c-text-hover' title='Geb\u00e4udeversicherung Kanton Z\u00fcrich'>GVZ<\/abbr> einen Antrag auf Subventionen zu stellen. Bis 2020 eingereichte Projekte werden mit bis zu 10% subventioniert.<\/p>\n","protected":false},"excerpt":{"rendered":"<p>Die Kostenzusammenstellung wurde auf Basis einer bereits sehr detaillierten Planung erstellt.Bei der Planung wurde hinsichtlich effizienter Arbeitsabl\u00e4ufe besonders Wert auf eine hohe Funktionalit\u00e4t gelegt. Aus diesem Grund m\u00f6chten wir im Rahmen unserer M\u00f6glichkeiten gewisse Inneneinrichtungen selber nach eigenen Vorgaben umsetzen. Dies erm\u00f6glicht uns im Vergleich zu den entsprechenden Standard-Produkten eine f\u00fcr uns besser passende L\u00f6sung. &hellip; <\/p>\n<p class=\"link-more\"><a href=\"https:\/\/feuerwehr-wiesendangen.ch\/lokal\/kostenzusammenstellung\/\" class=\"more-link\"><span class=\"screen-reader-text\">\u201eKostenzusammenstellung\u201c <\/span>weiterlesen<\/a><\/p>\n","protected":false},"author":1,"featured_media":0,"comment_status":"closed","ping_status":"closed","sticky":false,"template":"","format":"standard","meta":{"ngg_post_thumbnail":0,"wpmdr_menu":1,"wpmdr_menu_extended":{"individualPostRemove":1,"individualPostRemoveDate":1,"individualPostRemoveAuthor":1,"individualPostYoastRemovePublished":1,"individualPostYoastRemoveModified":1},"footnotes":""},"categories":[1],"tags":[],"class_list":["post-426","post","type-post","status-publish","format-standard","hentry","category-uncategorized"],"_links":{"self":[{"href":"https:\/\/feuerwehr-wiesendangen.ch\/lokal\/wp-json\/wp\/v2\/posts\/426","targetHints":{"allow":["GET"]}}],"collection":[{"href":"https:\/\/feuerwehr-wiesendangen.ch\/lokal\/wp-json\/wp\/v2\/posts"}],"about":[{"href":"https:\/\/feuerwehr-wiesendangen.ch\/lokal\/wp-json\/wp\/v2\/types\/post"}],"author":[{"embeddable":true,"href":"https:\/\/feuerwehr-wiesendangen.ch\/lokal\/wp-json\/wp\/v2\/users\/1"}],"replies":[{"embeddable":true,"href":"https:\/\/feuerwehr-wiesendangen.ch\/lokal\/wp-json\/wp\/v2\/comments?post=426"}],"version-history":[{"count":5,"href":"https:\/\/feuerwehr-wiesendangen.ch\/lokal\/wp-json\/wp\/v2\/posts\/426\/revisions"}],"predecessor-version":[{"id":491,"href":"https:\/\/feuerwehr-wiesendangen.ch\/lokal\/wp-json\/wp\/v2\/posts\/426\/revisions\/491"}],"wp:attachment":[{"href":"https:\/\/feuerwehr-wiesendangen.ch\/lokal\/wp-json\/wp\/v2\/media?parent=426"}],"wp:term":[{"taxonomy":"category","embeddable":true,"href":"https:\/\/feuerwehr-wiesendangen.ch\/lokal\/wp-json\/wp\/v2\/categories?post=426"},{"taxonomy":"post_tag","embeddable":true,"href":"https:\/\/feuerwehr-wiesendangen.ch\/lokal\/wp-json\/wp\/v2\/tags?post=426"}],"curies":[{"name":"wp","href":"https:\/\/api.w.org\/{rel}","templated":true}]}}