{"id":365,"date":"2019-06-13T01:46:15","date_gmt":"2019-06-12T23:46:15","guid":{"rendered":"http:\/\/www.feuerwehr-wiesendangen.ch\/lokal\/?p=365"},"modified":"2019-06-13T22:30:33","modified_gmt":"2019-06-13T20:30:33","slug":"grundriss-feuerwehr-lokal-og","status":"publish","type":"post","link":"https:\/\/feuerwehr-wiesendangen.ch\/lokal\/grundriss-feuerwehr-lokal-og\/","title":{"rendered":"Grundriss (OG)"},"content":{"rendered":"\n<figure class=\"wp-block-image\"><a href=\"http:\/\/www.feuerwehr-wiesendangen.ch\/lokal\/wp-content\/uploads\/2019\/06\/Grundriss-OG.png\"><img loading=\"lazy\" decoding=\"async\" width=\"272\" height=\"300\" src=\"http:\/\/www.feuerwehr-wiesendangen.ch\/lokal\/wp-content\/uploads\/2019\/06\/Grundriss-OG-272x300.png\" alt=\"\" class=\"wp-image-361\" srcset=\"https:\/\/feuerwehr-wiesendangen.ch\/lokal\/wp-content\/uploads\/2019\/06\/Grundriss-OG-272x300.png 272w, https:\/\/feuerwehr-wiesendangen.ch\/lokal\/wp-content\/uploads\/2019\/06\/Grundriss-OG-768x848.png 768w, https:\/\/feuerwehr-wiesendangen.ch\/lokal\/wp-content\/uploads\/2019\/06\/Grundriss-OG.png 879w\" sizes=\"auto, (max-width: 272px) 100vw, 272px\" \/><\/a><\/figure>\n\n\n\n<p class=\"wp-block-paragraph\">Im Obergeschoss des bestehenden Geb\u00e4udeteils bleibt die Raumeinteilung des Theorie-Raumes und der WC soweit bestehen. <\/p>\n\n\n\n<p class=\"wp-block-paragraph\">In der nord-\u00f6stlichen Ecke ist ein \u00fcber die Treppe erreichbarer Technik-Raum mit Kompressoren und Geb\u00e4udetechnik geplant. Dieser Raum stellt ein eigener Brandschutzbereich dar und trennt die l\u00e4rmigen Kompressoren von den Nutzr\u00e4umen.<\/p>\n","protected":false},"excerpt":{"rendered":"<p>Im Obergeschoss des bestehenden Geb\u00e4udeteils bleibt die Raumeinteilung des Theorie-Raumes und der WC soweit bestehen. In der nord-\u00f6stlichen Ecke ist ein \u00fcber die Treppe erreichbarer Technik-Raum mit Kompressoren und Geb\u00e4udetechnik geplant. Dieser Raum stellt ein eigener Brandschutzbereich dar und trennt die l\u00e4rmigen Kompressoren von den Nutzr\u00e4umen.<\/p>\n","protected":false},"author":1,"featured_media":0,"comment_status":"closed","ping_status":"closed","sticky":false,"template":"","format":"standard","meta":{"ngg_post_thumbnail":0,"wpmdr_menu":1,"wpmdr_menu_extended":{"individualPostRemove":1,"individualPostRemoveDate":1,"individualPostRemoveAuthor":1,"individualPostYoastRemovePublished":1,"individualPostYoastRemoveModified":1},"footnotes":""},"categories":[7],"tags":[],"class_list":["post-365","post","type-post","status-publish","format-standard","hentry","category-projektvorschlag"],"_links":{"self":[{"href":"https:\/\/feuerwehr-wiesendangen.ch\/lokal\/wp-json\/wp\/v2\/posts\/365","targetHints":{"allow":["GET"]}}],"collection":[{"href":"https:\/\/feuerwehr-wiesendangen.ch\/lokal\/wp-json\/wp\/v2\/posts"}],"about":[{"href":"https:\/\/feuerwehr-wiesendangen.ch\/lokal\/wp-json\/wp\/v2\/types\/post"}],"author":[{"embeddable":true,"href":"https:\/\/feuerwehr-wiesendangen.ch\/lokal\/wp-json\/wp\/v2\/users\/1"}],"replies":[{"embeddable":true,"href":"https:\/\/feuerwehr-wiesendangen.ch\/lokal\/wp-json\/wp\/v2\/comments?post=365"}],"version-history":[{"count":8,"href":"https:\/\/feuerwehr-wiesendangen.ch\/lokal\/wp-json\/wp\/v2\/posts\/365\/revisions"}],"predecessor-version":[{"id":551,"href":"https:\/\/feuerwehr-wiesendangen.ch\/lokal\/wp-json\/wp\/v2\/posts\/365\/revisions\/551"}],"wp:attachment":[{"href":"https:\/\/feuerwehr-wiesendangen.ch\/lokal\/wp-json\/wp\/v2\/media?parent=365"}],"wp:term":[{"taxonomy":"category","embeddable":true,"href":"https:\/\/feuerwehr-wiesendangen.ch\/lokal\/wp-json\/wp\/v2\/categories?post=365"},{"taxonomy":"post_tag","embeddable":true,"href":"https:\/\/feuerwehr-wiesendangen.ch\/lokal\/wp-json\/wp\/v2\/tags?post=365"}],"curies":[{"name":"wp","href":"https:\/\/api.w.org\/{rel}","templated":true}]}}