{"id":340,"date":"2019-06-06T21:05:00","date_gmt":"2019-06-06T19:05:00","guid":{"rendered":"http:\/\/www.feuerwehr-wiesendangen.ch\/lokal\/?p=340"},"modified":"2019-06-13T23:51:36","modified_gmt":"2019-06-13T21:51:36","slug":"info-anlass-projektinfo","status":"publish","type":"post","link":"https:\/\/feuerwehr-wiesendangen.ch\/lokal\/info-anlass-projektinfo\/","title":{"rendered":"Projekt-Info f\u00fcr Bev\u00f6lkerung"},"content":{"rendered":"\n<p class=\"wp-block-paragraph\"> Gerne m\u00f6chten wir der interessierten Bev\u00f6lkerung die M\u00f6glichkeit geben, sich \u00fcber das geplante Projekt zu informieren und offene Fragen zu kl\u00e4ren. <\/p>\n\n\n\n<p class=\"wp-block-paragraph\">Am Samstag 29.06.2019 von 08:30 bis 12:00 werden deshalb die Tore des Feuerwehr-Lokals ge\u00f6ffnet. <\/p>\n\n\n\n<p class=\"wp-block-paragraph\">Es besteht die M\u00f6glichkeit, sich im Erdgeschoss einen \u00dcberblick \u00fcber den aktuellen Zustand und die Platzverh\u00e4ltnisse zu verschaffen. <br>Im oberen Stock werden die beauftragen Architekten an Hand eines Modells und Pl\u00e4nen das Projekt erl\u00e4utern.  <br>Selbstverst\u00e4ndlich kl\u00e4ren wir gerne Ihre Fragen zum Projekt und auch unserer Feuerwehr. Fragen von allgemeinem Interesse werden wir anschliessend auch im Abschnitt <a href=\"http:\/\/www.feuerwehr-wiesendangen.ch\/lokal\/faq\/\">Fragen &amp; Antworten<\/a> auf dieser Homepage erg\u00e4nzen.<\/p>\n\n\n\n<p class=\"wp-block-paragraph\"><\/p>\n","protected":false},"excerpt":{"rendered":"<p>Gerne m\u00f6chten wir der interessierten Bev\u00f6lkerung die M\u00f6glichkeit geben, sich \u00fcber das geplante Projekt zu informieren und offene Fragen zu kl\u00e4ren. Am Samstag 29.06.2019 von 08:30 bis 12:00 werden deshalb die Tore des Feuerwehr-Lokals ge\u00f6ffnet. Es besteht die M\u00f6glichkeit, sich im Erdgeschoss einen \u00dcberblick \u00fcber den aktuellen Zustand und die Platzverh\u00e4ltnisse zu verschaffen. Im oberen &hellip; <\/p>\n<p class=\"link-more\"><a href=\"https:\/\/feuerwehr-wiesendangen.ch\/lokal\/info-anlass-projektinfo\/\" class=\"more-link\"><span class=\"screen-reader-text\">\u201eProjekt-Info f\u00fcr Bev\u00f6lkerung\u201c <\/span>weiterlesen<\/a><\/p>\n","protected":false},"author":1,"featured_media":0,"comment_status":"closed","ping_status":"closed","sticky":false,"template":"","format":"standard","meta":{"ngg_post_thumbnail":0,"wpmdr_menu":1,"wpmdr_menu_extended":{"individualPostRemove":1,"individualPostRemoveDate":1,"individualPostRemoveAuthor":1,"individualPostYoastRemovePublished":1,"individualPostYoastRemoveModified":1},"footnotes":""},"categories":[5],"tags":[],"class_list":["post-340","post","type-post","status-publish","format-standard","hentry","category-termine"],"_links":{"self":[{"href":"https:\/\/feuerwehr-wiesendangen.ch\/lokal\/wp-json\/wp\/v2\/posts\/340","targetHints":{"allow":["GET"]}}],"collection":[{"href":"https:\/\/feuerwehr-wiesendangen.ch\/lokal\/wp-json\/wp\/v2\/posts"}],"about":[{"href":"https:\/\/feuerwehr-wiesendangen.ch\/lokal\/wp-json\/wp\/v2\/types\/post"}],"author":[{"embeddable":true,"href":"https:\/\/feuerwehr-wiesendangen.ch\/lokal\/wp-json\/wp\/v2\/users\/1"}],"replies":[{"embeddable":true,"href":"https:\/\/feuerwehr-wiesendangen.ch\/lokal\/wp-json\/wp\/v2\/comments?post=340"}],"version-history":[{"count":5,"href":"https:\/\/feuerwehr-wiesendangen.ch\/lokal\/wp-json\/wp\/v2\/posts\/340\/revisions"}],"predecessor-version":[{"id":409,"href":"https:\/\/feuerwehr-wiesendangen.ch\/lokal\/wp-json\/wp\/v2\/posts\/340\/revisions\/409"}],"wp:attachment":[{"href":"https:\/\/feuerwehr-wiesendangen.ch\/lokal\/wp-json\/wp\/v2\/media?parent=340"}],"wp:term":[{"taxonomy":"category","embeddable":true,"href":"https:\/\/feuerwehr-wiesendangen.ch\/lokal\/wp-json\/wp\/v2\/categories?post=340"},{"taxonomy":"post_tag","embeddable":true,"href":"https:\/\/feuerwehr-wiesendangen.ch\/lokal\/wp-json\/wp\/v2\/tags?post=340"}],"curies":[{"name":"wp","href":"https:\/\/api.w.org\/{rel}","templated":true}]}}