{"id":24,"date":"2019-04-14T12:29:29","date_gmt":"2019-04-14T12:29:29","guid":{"rendered":"http:\/\/www.feuerwehr-wiesendangen.ch\/lokal\/?p=24"},"modified":"2019-06-16T01:49:11","modified_gmt":"2019-06-15T23:49:11","slug":"faq","status":"publish","type":"post","link":"https:\/\/feuerwehr-wiesendangen.ch\/lokal\/faq\/","title":{"rendered":"Fragen und Antworten"},"content":{"rendered":"\n<p class=\"wp-block-paragraph\"><div  class=\"ewd-ufaq-faq-list ewd-ufaq-page-type-load_more ewd-ufaq-category-tabs- ewd-ufaq-faq-category-title-accordion\" id='ewd-ufaq-faq-list'>\n\n\t<input type='hidden' name='show_on_load' value='' id='ewd-ufaq-show-on-load' \/>\n<input type='hidden' name='include_category' value='' id='ewd-ufaq-include-category' \/>\n<input type='hidden' name='exclude_category' value='' id='ewd-ufaq-exclude-category' \/>\n<input type='hidden' name='orderby' value='date' id='ewd-ufaq-orderby' \/>\n<input type='hidden' name='order' value='desc' id='ewd-ufaq-order' \/>\n<input type='hidden' name='post_count' value='-1' id='ewd-ufaq-post-count' \/>\n<input type='hidden' name='current_url' value='\/lokal\/wp-json\/wp\/v2\/posts\/24' id='ewd-ufaq-current-url' \/>\n\t\n\t\n\t<div class='ewd-ufaq-faqs'>\n\n\t\t<div id='ewd-ufaq-faq-category-gebaeude' class='ewd-ufaq-faq-category'>\n\t\n\t<div class='ewd-ufaq-faq-category-title ewd-ufaq-faq-category-title-toggle' tabindex=\"0\" >\n\t\t\n\t\t<h4 title=\"Click here to open Geb\u00e4ude\">\n\t\t\tGeb\u00e4ude\t\t\t <span>(6)<\/span>\t\t<\/h4>\n\n\t\t\t\n\t<\/div>\n\t\n\t<div class='ewd-ufaq-faq-category-inner ewd-ufaq-faq-category-body-hidden' >\n<div  class=\"ewd-ufaq-faq-div ewd-ufaq-faq-column-count-one ewd-ufaq-faq-responsive-columns- ewd-ufaq-faq-display-style-default ewd-ufaq-can-be-toggled\" id='ewd-ufaq-post-493-Xjy3NzBcKn' data-post_id='493'>\n\n\t\t\n\t<div class='ewd-ufaq-faq-title ewd-ufaq-faq-toggle'>\n\t\n\t<a class='ewd-ufaq-post-margin'  href='#' role=\"button\">\n\n\t\t<div class='ewd-ufaq-post-margin-symbol ewd-ufaq-square'>\n\t\t\t<span >a<\/span>\n\t\t<\/div>\n\n\t\t<div class='ewd-ufaq-faq-title-text'>\n\n\t\t\t<h4>\n\t\t\t\tMuss infolge des Schwarz\/Weiss-Konzeptes auch das Lokal Gundetswil bald umgebaut werden?\t\t\t<\/h4>\n\n\t\t<\/div>\n\n\t\t<div class='ewd-ufaq-clear'><\/div>\n\n\t<\/a>\n\t\n<\/div>\n\t\n\t<div class='ewd-ufaq-faq-body ewd-ufaq-hidden' >\n\n\t\t\n\t\t\t\n\t\t\n\t\t\t<div class='ewd-ufaq-post-margin ewd-ufaq-faq-post'>\n\t\n<p class=\"wp-block-paragraph\">Nein. Das Feuerwehrlokal Gundetswil dient prim\u00e4r dazu, beim Ausr\u00fccken die gesetzlichen Richtzeiten einhalten zu k\u00f6nnen. Die Retablierung (Reinigung und Wiederinstandsetzung) nach dem Einsatz findet zwecks optimalem Ressourcenumgang im Lokal Wiesendangen statt. Das saubere Material, bzw. die sauberen Fahrzeuge, kommen anschliessend f\u00fcr den n\u00e4chsten Einsatz wieder zur\u00fcck nach Gundetswil.<\/p>\n<\/div>\n\t\t\n\t\t\t<div class='ewd-ufaq-faq-custom-fields'>\n\n\t\n<\/div>\n\t\t\n\t\t\t\n\t\t\n\t\t\t\n\t\t\n\t\t\t\n\t\t\n\t\t\t\n\t\t\n\t\t\t\n\t\t\n\t\t\t\n\t\t\n\t\t\t\n\t\t\n\t<\/div>\n\n<\/div><div  class=\"ewd-ufaq-faq-div ewd-ufaq-faq-column-count-one ewd-ufaq-faq-responsive-columns- ewd-ufaq-faq-display-style-default ewd-ufaq-can-be-toggled\" id='ewd-ufaq-post-460-AZDxZiuw00' data-post_id='460'>\n\n\t\t\n\t<div class='ewd-ufaq-faq-title ewd-ufaq-faq-toggle'>\n\t\n\t<a class='ewd-ufaq-post-margin'  href='#' role=\"button\">\n\n\t\t<div class='ewd-ufaq-post-margin-symbol ewd-ufaq-square'>\n\t\t\t<span >a<\/span>\n\t\t<\/div>\n\n\t\t<div class='ewd-ufaq-faq-title-text'>\n\n\t\t\t<h4>\n\t\t\t\tWarum muss das Geb\u00e4ude erweitert werden?\t\t\t<\/h4>\n\n\t\t<\/div>\n\n\t\t<div class='ewd-ufaq-clear'><\/div>\n\n\t<\/a>\n\t\n<\/div>\n\t\n\t<div class='ewd-ufaq-faq-body ewd-ufaq-hidden' >\n\n\t\t\n\t\t\t\n\t\t\n\t\t\t<div class='ewd-ufaq-post-margin ewd-ufaq-faq-post'>\n\t\n<p class=\"wp-block-paragraph\">Bereits jetzt gibt es zu wenig Garderoben. Die Retablierung findet entweder auf dem Vorplatz oder in eigentlich sauberen R\u00e4umen statt (<a href=\"http:\/\/www.feuerwehr-wiesendangen.ch\/lokal\/schwarz-weiss-trennung\/\">Schwarz-\/Weiss-Konzept<\/a>). Gerade die Retablierung kann auch f\u00fcr angrenzende Anwohner bez\u00fcglich L\u00e4rm bei Nacht-Eins\u00e4tzen belastend sein.<br>Alle weiteren Gr\u00fcnde finden Sie unter <a href=\"http:\/\/www.feuerwehr-wiesendangen.ch\/lokal\/anforderungen\/\">Anforderungen<\/a><\/p>\n<\/div>\n\t\t\n\t\t\t<div class='ewd-ufaq-faq-custom-fields'>\n\n\t\n<\/div>\n\t\t\n\t\t\t\n\t\t\n\t\t\t\n\t\t\n\t\t\t\n\t\t\n\t\t\t\n\t\t\n\t\t\t\n\t\t\n\t\t\t\n\t\t\n\t\t\t\n\t\t\n\t<\/div>\n\n<\/div><div  class=\"ewd-ufaq-faq-div ewd-ufaq-faq-column-count-one ewd-ufaq-faq-responsive-columns- ewd-ufaq-faq-display-style-default ewd-ufaq-can-be-toggled\" id='ewd-ufaq-post-459-fUmcSYTyGG' data-post_id='459'>\n\n\t\t\n\t<div class='ewd-ufaq-faq-title ewd-ufaq-faq-toggle'>\n\t\n\t<a class='ewd-ufaq-post-margin'  href='#' role=\"button\">\n\n\t\t<div class='ewd-ufaq-post-margin-symbol ewd-ufaq-square'>\n\t\t\t<span >a<\/span>\n\t\t<\/div>\n\n\t\t<div class='ewd-ufaq-faq-title-text'>\n\n\t\t\t<h4>\n\t\t\t\tWarum braucht es eine Dusche?\t\t\t<\/h4>\n\n\t\t<\/div>\n\n\t\t<div class='ewd-ufaq-clear'><\/div>\n\n\t<\/a>\n\t\n<\/div>\n\t\n\t<div class='ewd-ufaq-faq-body ewd-ufaq-hidden' >\n\n\t\t\n\t\t\t\n\t\t\n\t\t\t<div class='ewd-ufaq-post-margin ewd-ufaq-faq-post'>\n\t\n<p class=\"wp-block-paragraph\">Gem\u00e4ss dem <a href=\"http:\/\/www.feuerwehr-wiesendangen.ch\/lokal\/schwarz-weiss-trennung\/\">Schwarz\/Weiss-Konzeptes<\/a> kann es bei gewissen Eins\u00e4tzen notwendig sein, dass sich stark kontaminierte Einsatzkr\u00e4fte duschen k\u00f6nnen. So wird eine Verschleppung von Schadstoffen nach Hause oder in&#8217;s B\u00fcro verhindert.<\/p>\n<\/div>\n\t\t\n\t\t\t<div class='ewd-ufaq-faq-custom-fields'>\n\n\t\n<\/div>\n\t\t\n\t\t\t\n\t\t\n\t\t\t\n\t\t\n\t\t\t\n\t\t\n\t\t\t\n\t\t\n\t\t\t\n\t\t\n\t\t\t\n\t\t\n\t\t\t\n\t\t\n\t<\/div>\n\n<\/div><div  class=\"ewd-ufaq-faq-div ewd-ufaq-faq-column-count-one ewd-ufaq-faq-responsive-columns- ewd-ufaq-faq-display-style-default ewd-ufaq-can-be-toggled\" id='ewd-ufaq-post-458-4GGD6RFOqL' data-post_id='458'>\n\n\t\t\n\t<div class='ewd-ufaq-faq-title ewd-ufaq-faq-toggle'>\n\t\n\t<a class='ewd-ufaq-post-margin'  href='#' role=\"button\">\n\n\t\t<div class='ewd-ufaq-post-margin-symbol ewd-ufaq-square'>\n\t\t\t<span >a<\/span>\n\t\t<\/div>\n\n\t\t<div class='ewd-ufaq-faq-title-text'>\n\n\t\t\t<h4>\n\t\t\t\tWer k\u00fcmmert sich um den Unterhalt? Steigen die Unterhaltskosten?\t\t\t<\/h4>\n\n\t\t<\/div>\n\n\t\t<div class='ewd-ufaq-clear'><\/div>\n\n\t<\/a>\n\t\n<\/div>\n\t\n\t<div class='ewd-ufaq-faq-body ewd-ufaq-hidden' >\n\n\t\t\n\t\t\t\n\t\t\n\t\t\t<div class='ewd-ufaq-post-margin ewd-ufaq-faq-post'>\n\t\n<p class=\"wp-block-paragraph\">Gem\u00e4ss dem gesetzlichen Auftrag muss die Gemeinde die notwendige Infrastruktur zur Verf\u00fcgung stellen. Die Unterhaltskosten werden daher wie bisher \u00fcber das entsprechende Budget abgewickelt. <br>Beim Umbau wird aber darauf geachtet, das Geb\u00e4ude bez\u00fcglich Unterhalt m\u00f6glichst effizient zu gestalten.<\/p>\n<\/div>\n\t\t\n\t\t\t<div class='ewd-ufaq-faq-custom-fields'>\n\n\t\n<\/div>\n\t\t\n\t\t\t\n\t\t\n\t\t\t\n\t\t\n\t\t\t\n\t\t\n\t\t\t\n\t\t\n\t\t\t\n\t\t\n\t\t\t\n\t\t\n\t\t\t\n\t\t\n\t<\/div>\n\n<\/div><div  class=\"ewd-ufaq-faq-div ewd-ufaq-faq-column-count-one ewd-ufaq-faq-responsive-columns- ewd-ufaq-faq-display-style-default ewd-ufaq-can-be-toggled\" id='ewd-ufaq-post-456-RUhzDTFNIR' data-post_id='456'>\n\n\t\t\n\t<div class='ewd-ufaq-faq-title ewd-ufaq-faq-toggle'>\n\t\n\t<a class='ewd-ufaq-post-margin'  href='#' role=\"button\">\n\n\t\t<div class='ewd-ufaq-post-margin-symbol ewd-ufaq-square'>\n\t\t\t<span >a<\/span>\n\t\t<\/div>\n\n\t\t<div class='ewd-ufaq-faq-title-text'>\n\n\t\t\t<h4>\n\t\t\t\tWas sind die Gr\u00fcnde f\u00fcr den Umbau?\t\t\t<\/h4>\n\n\t\t<\/div>\n\n\t\t<div class='ewd-ufaq-clear'><\/div>\n\n\t<\/a>\n\t\n<\/div>\n\t\n\t<div class='ewd-ufaq-faq-body ewd-ufaq-hidden' >\n\n\t\t\n\t\t\t\n\t\t\n\t\t\t<div class='ewd-ufaq-post-margin ewd-ufaq-faq-post'>\n\t\n<p class=\"wp-block-paragraph\">Verschiedene Gr\u00fcnde f\u00fchren zu diesem Projekt:<\/p>\n\n\n\n<ul class=\"wp-block-list\"><li>Werterhaltung vom Geb\u00e4ude <br> Letzte Renovation erfolgte vor knapp 30 Jahren, mittlerweile sind verschiedene Probleme wie z.B. ein undichtes Dach, Risse an W\u00e4nden\/B\u00f6den und verkalkte Wasserleitungen vorhanden<\/li><li>Brandschutztechnische Anforderungen<br> Immer wieder f\u00fchren technische Defekte zu Br\u00e4nden oder massiven Rauchsch\u00e4den. So gab es auch mehrere Feuerwehr-Lokale welche wegen Defekten an elektrischen Installationen\/Ger\u00e4ten zu Schaden gekommen sind. Aus diesem Grund werden beim Umbau m\u00f6glichst alle technischen Installationen in einen eigenen Brandabschnitt zentralisiert um im Falle eines Brandes den Schaden klein zu halten<\/li><li>Ver\u00e4nderte Einsatz-Anforderungen<br> Infrastruktur f\u00fcr sog. Mehrfachereignisse (z.B. Unwetter), welche eine F\u00fchrung aus dem Feuerwehrlokal heraus n\u00f6tig machen<\/li><li>Hygiene-Anforderungen<br> Die Schadstoffbelastung w\u00e4hrend eines Einsatzes ist heute massiv h\u00f6her als fr\u00fcher, daher muss die Kontamination von sauberem Material verhindert werden (siehe <a href=\"http:\/\/www.feuerwehr-wiesendangen.ch\/lokal\/schwarz-weiss-trennung\/\">Schwarz\/Weiss-Trennung<\/a>)<\/li><li>Gender-Anforderungen<br> Es fehlen getrennte Garderoben und WC-Anlagen<\/li><li>energetische Geb\u00e4ude-Anforderungen<br>\u00d6ffentliche Gemeinde-Geb\u00e4ude unterstehen Anforderungen welche bei Sanierungen ber\u00fccksichtigt werden m\u00fcssen (Minergie-Standard)<\/li><\/ul>\n<\/div>\n\t\t\n\t\t\t<div class='ewd-ufaq-faq-custom-fields'>\n\n\t\n<\/div>\n\t\t\n\t\t\t\n\t\t\n\t\t\t\n\t\t\n\t\t\t\n\t\t\n\t\t\t\n\t\t\n\t\t\t\n\t\t\n\t\t\t\n\t\t\n\t\t\t\n\t\t\n\t<\/div>\n\n<\/div><div  class=\"ewd-ufaq-faq-div ewd-ufaq-faq-column-count-one ewd-ufaq-faq-responsive-columns- ewd-ufaq-faq-display-style-default ewd-ufaq-can-be-toggled\" id='ewd-ufaq-post-452-Gfyex5RkcI' data-post_id='452'>\n\n\t\t\n\t<div class='ewd-ufaq-faq-title ewd-ufaq-faq-toggle'>\n\t\n\t<a class='ewd-ufaq-post-margin'  href='#' role=\"button\">\n\n\t\t<div class='ewd-ufaq-post-margin-symbol ewd-ufaq-square'>\n\t\t\t<span >a<\/span>\n\t\t<\/div>\n\n\t\t<div class='ewd-ufaq-faq-title-text'>\n\n\t\t\t<h4>\n\t\t\t\tBleibt die Optik des Feuerwehr-Lokals bestehen?\t\t\t<\/h4>\n\n\t\t<\/div>\n\n\t\t<div class='ewd-ufaq-clear'><\/div>\n\n\t<\/a>\n\t\n<\/div>\n\t\n\t<div class='ewd-ufaq-faq-body ewd-ufaq-hidden' >\n\n\t\t\n\t\t\t\n\t\t\n\t\t\t<div class='ewd-ufaq-post-margin ewd-ufaq-faq-post'>\n\t\n<p class=\"wp-block-paragraph\"> Ja, der bestehende Geb\u00e4udek\u00f6rper wird m\u00f6glichst unver\u00e4ndert belassen. Es wird minimale Anpassungen an den Toren (W\u00e4rmeschutz) geben.<br>Auch der neue Geb\u00e4udeteil wird sich optisch in das Dorfbild \/ Quartier eingliedern, dies ist auch seitens <abbr class=\"c2c-text-hover\" title=\"Amt f\u00fcr Raumentwicklung\">ARE<\/abbr> so gefordert. <\/p>\n<\/div>\n\t\t\n\t\t\t<div class='ewd-ufaq-faq-custom-fields'>\n\n\t\n<\/div>\n\t\t\n\t\t\t\n\t\t\n\t\t\t\n\t\t\n\t\t\t\n\t\t\n\t\t\t\n\t\t\n\t\t\t\n\t\t\n\t\t\t\n\t\t\n\t\t\t\n\t\t\n\t<\/div>\n\n<\/div><\/div>\n\n<\/div>\n<div id='ewd-ufaq-faq-category-sonstiges' class='ewd-ufaq-faq-category'>\n\t\n\t<div class='ewd-ufaq-faq-category-title ewd-ufaq-faq-category-title-toggle' tabindex=\"0\" >\n\t\t\n\t\t<h4 title=\"Click here to open Sonstiges\">\n\t\t\tSonstiges\t\t\t <span>(3)<\/span>\t\t<\/h4>\n\n\t\t\t\n\t<\/div>\n\t\n\t<div class='ewd-ufaq-faq-category-inner ewd-ufaq-faq-category-body-hidden' >\n<div  class=\"ewd-ufaq-faq-div ewd-ufaq-faq-column-count-one ewd-ufaq-faq-responsive-columns- ewd-ufaq-faq-display-style-default ewd-ufaq-can-be-toggled\" id='ewd-ufaq-post-475-JD9BkUq5Me' data-post_id='475'>\n\n\t\t\n\t<div class='ewd-ufaq-faq-title ewd-ufaq-faq-toggle'>\n\t\n\t<a class='ewd-ufaq-post-margin'  href='#' role=\"button\">\n\n\t\t<div class='ewd-ufaq-post-margin-symbol ewd-ufaq-square'>\n\t\t\t<span >a<\/span>\n\t\t<\/div>\n\n\t\t<div class='ewd-ufaq-faq-title-text'>\n\n\t\t\t<h4>\n\t\t\t\tN\u00e4chste Meilensteine des Projekts?\t\t\t<\/h4>\n\n\t\t<\/div>\n\n\t\t<div class='ewd-ufaq-clear'><\/div>\n\n\t<\/a>\n\t\n<\/div>\n\t\n\t<div class='ewd-ufaq-faq-body ewd-ufaq-hidden' >\n\n\t\t\n\t\t\t\n\t\t\n\t\t\t<div class='ewd-ufaq-post-margin ewd-ufaq-faq-post'>\n\t\n<p class=\"wp-block-paragraph\">Abstimmung 1.9.2019 (wird jeweils nachgef\u00fchrt)<\/p>\n<\/div>\n\t\t\n\t\t\t<div class='ewd-ufaq-faq-custom-fields'>\n\n\t\n<\/div>\n\t\t\n\t\t\t\n\t\t\n\t\t\t\n\t\t\n\t\t\t\n\t\t\n\t\t\t\n\t\t\n\t\t\t\n\t\t\n\t\t\t\n\t\t\n\t\t\t\n\t\t\n\t<\/div>\n\n<\/div><div  class=\"ewd-ufaq-faq-div ewd-ufaq-faq-column-count-one ewd-ufaq-faq-responsive-columns- ewd-ufaq-faq-display-style-default ewd-ufaq-can-be-toggled\" id='ewd-ufaq-post-474-FbmnhsVt93' data-post_id='474'>\n\n\t\t\n\t<div class='ewd-ufaq-faq-title ewd-ufaq-faq-toggle'>\n\t\n\t<a class='ewd-ufaq-post-margin'  href='#' role=\"button\">\n\n\t\t<div class='ewd-ufaq-post-margin-symbol ewd-ufaq-square'>\n\t\t\t<span >a<\/span>\n\t\t<\/div>\n\n\t\t<div class='ewd-ufaq-faq-title-text'>\n\n\t\t\t<h4>\n\t\t\t\tDient der Umbau nur ein paar eingefleischten Hobby-Feuerwehrler?\t\t\t<\/h4>\n\n\t\t<\/div>\n\n\t\t<div class='ewd-ufaq-clear'><\/div>\n\n\t<\/a>\n\t\n<\/div>\n\t\n\t<div class='ewd-ufaq-faq-body ewd-ufaq-hidden' >\n\n\t\t\n\t\t\t\n\t\t\n\t\t\t<div class='ewd-ufaq-post-margin ewd-ufaq-faq-post'>\n\t\n<p class=\"wp-block-paragraph\">Nein, die Renovation dient der Werterhaltung des Geb\u00e4udes. Die Erweiterung wird zur Erf\u00fcllung des gesetzlichen Auftrages und der sich ver\u00e4ndernden Anforderungen an Material und dessen Wartung ben\u00f6tigt.<br>Mit der Umsetzung der <a href=\"http:\/\/www.feuerwehr-wiesendangen.ch\/lokal\/schwarz-weiss-trennung\/\">Schwarz\/Weiss-Trennung<\/a> und des Hygienekonzepts sowie der einfacheren Arbeitsabl\u00e4ufe profitieren s\u00e4mtliche <abbr class=\"c2c-text-hover\" title=\"Angeh\u00f6rige der Feuerwehr\">AdF<\/abbr> unserer Gemeinde. <br>Diese Punkte tragen zu einer funktionierenden Feuerwehr bei und von einer funktionierenden Feuerwehr profitieren alle in der Gemeinde!<\/p>\n<\/div>\n\t\t\n\t\t\t<div class='ewd-ufaq-faq-custom-fields'>\n\n\t\n<\/div>\n\t\t\n\t\t\t\n\t\t\n\t\t\t\n\t\t\n\t\t\t\n\t\t\n\t\t\t\n\t\t\n\t\t\t\n\t\t\n\t\t\t\n\t\t\n\t\t\t\n\t\t\n\t<\/div>\n\n<\/div><div  class=\"ewd-ufaq-faq-div ewd-ufaq-faq-column-count-one ewd-ufaq-faq-responsive-columns- ewd-ufaq-faq-display-style-default ewd-ufaq-can-be-toggled\" id='ewd-ufaq-post-449-CG4iJXjHrj' data-post_id='449'>\n\n\t\t\n\t<div class='ewd-ufaq-faq-title ewd-ufaq-faq-toggle'>\n\t\n\t<a class='ewd-ufaq-post-margin'  href='#' role=\"button\">\n\n\t\t<div class='ewd-ufaq-post-margin-symbol ewd-ufaq-square'>\n\t\t\t<span >a<\/span>\n\t\t<\/div>\n\n\t\t<div class='ewd-ufaq-faq-title-text'>\n\n\t\t\t<h4>\n\t\t\t\tWie ist die Finanzierung dieses Projekts aufgestellt?\t\t\t<\/h4>\n\n\t\t<\/div>\n\n\t\t<div class='ewd-ufaq-clear'><\/div>\n\n\t<\/a>\n\t\n<\/div>\n\t\n\t<div class='ewd-ufaq-faq-body ewd-ufaq-hidden' >\n\n\t\t\n\t\t\t\n\t\t\n\t\t\t<div class='ewd-ufaq-post-margin ewd-ufaq-faq-post'>\n\t\n<p class=\"wp-block-paragraph\">Bis Ende M\u00e4rz 2020 an die <abbr class=\"c2c-text-hover\" title=\"Geb\u00e4udeversicherung Kanton Z\u00fcrich\">GVZ<\/abbr> eingereichte Projekte k\u00f6nnen mit bis zu 10% subventioniert werden. Die restlichen Kosten gehen gem\u00e4ss Feuerwehrverordnung zu Lasten der Gemeinde:<\/p>\n\n\n\n<p class=\"wp-block-paragraph\">Artikel 861.211 \/ Abschnitt D (Ausr\u00fcstung) \/ \u00a7 23:<br><em>Die Gemeinden und Betriebe stellen der Feuerwehr geeignete R\u00e4ume f\u00fcr die zweckm\u00e4ssige Aufbewahrung und Wartung der<\/em><br><em>Ausr\u00fcstungen zur Verf\u00fcgung, welche die Einhaltung der Leistungsvorgaben der <abbr class=\"c2c-text-hover\" title=\"Geb\u00e4udeversicherung Kanton Z\u00fcrich\">GVZ<\/abbr> erm\u00f6glichen<\/em><\/p>\n<\/div>\n\t\t\n\t\t\t<div class='ewd-ufaq-faq-custom-fields'>\n\n\t\n<\/div>\n\t\t\n\t\t\t\n\t\t\n\t\t\t\n\t\t\n\t\t\t\n\t\t\n\t\t\t\n\t\t\n\t\t\t\n\t\t\n\t\t\t\n\t\t\n\t\t\t\n\t\t\n\t<\/div>\n\n<\/div><\/div>\n\n<\/div>\n<div id='ewd-ufaq-faq-category-standort' class='ewd-ufaq-faq-category'>\n\t\n\t<div class='ewd-ufaq-faq-category-title ewd-ufaq-faq-category-title-toggle' tabindex=\"0\" >\n\t\t\n\t\t<h4 title=\"Click here to open Standort\">\n\t\t\tStandort\t\t\t <span>(4)<\/span>\t\t<\/h4>\n\n\t\t\t\n\t<\/div>\n\t\n\t<div class='ewd-ufaq-faq-category-inner ewd-ufaq-faq-category-body-hidden' >\n<div  class=\"ewd-ufaq-faq-div ewd-ufaq-faq-column-count-one ewd-ufaq-faq-responsive-columns- ewd-ufaq-faq-display-style-default ewd-ufaq-can-be-toggled\" id='ewd-ufaq-post-464-v4mE1qy1hB' data-post_id='464'>\n\n\t\t\n\t<div class='ewd-ufaq-faq-title ewd-ufaq-faq-toggle'>\n\t\n\t<a class='ewd-ufaq-post-margin'  href='#' role=\"button\">\n\n\t\t<div class='ewd-ufaq-post-margin-symbol ewd-ufaq-square'>\n\t\t\t<span >a<\/span>\n\t\t<\/div>\n\n\t\t<div class='ewd-ufaq-faq-title-text'>\n\n\t\t\t<h4>\n\t\t\t\tIst der Standort Gundetswil zuk\u00fcnftig noch notwendig?\t\t\t<\/h4>\n\n\t\t<\/div>\n\n\t\t<div class='ewd-ufaq-clear'><\/div>\n\n\t<\/a>\n\t\n<\/div>\n\t\n\t<div class='ewd-ufaq-faq-body ewd-ufaq-hidden' >\n\n\t\t\n\t\t\t\n\t\t\n\t\t\t<div class='ewd-ufaq-post-margin ewd-ufaq-faq-post'>\n\t\n<p class=\"wp-block-paragraph\">Ja, der Standort Gundetswil ist f\u00fcr das Erreichen der Einsatzzeiten im \u00f6stlichen Einsatzgebiet zwingend notwendig. Der Standort Gundetswil bleibt also weiterhin bestehen.<\/p>\n<\/div>\n\t\t\n\t\t\t<div class='ewd-ufaq-faq-custom-fields'>\n\n\t\n<\/div>\n\t\t\n\t\t\t\n\t\t\n\t\t\t\n\t\t\n\t\t\t\n\t\t\n\t\t\t\n\t\t\n\t\t\t\n\t\t\n\t\t\t\n\t\t\n\t\t\t\n\t\t\n\t<\/div>\n\n<\/div><div  class=\"ewd-ufaq-faq-div ewd-ufaq-faq-column-count-one ewd-ufaq-faq-responsive-columns- ewd-ufaq-faq-display-style-default ewd-ufaq-can-be-toggled\" id='ewd-ufaq-post-463-kVsbdSCEUt' data-post_id='463'>\n\n\t\t\n\t<div class='ewd-ufaq-faq-title ewd-ufaq-faq-toggle'>\n\t\n\t<a class='ewd-ufaq-post-margin'  href='#' role=\"button\">\n\n\t\t<div class='ewd-ufaq-post-margin-symbol ewd-ufaq-square'>\n\t\t\t<span >a<\/span>\n\t\t<\/div>\n\n\t\t<div class='ewd-ufaq-faq-title-text'>\n\n\t\t\t<h4>\n\t\t\t\tWarum wird die Dienstleistung nicht einfach bei der Feuerwehr Winterthur eingekauft?\t\t\t<\/h4>\n\n\t\t<\/div>\n\n\t\t<div class='ewd-ufaq-clear'><\/div>\n\n\t<\/a>\n\t\n<\/div>\n\t\n\t<div class='ewd-ufaq-faq-body ewd-ufaq-hidden' >\n\n\t\t\n\t\t\t\n\t\t\n\t\t\t<div class='ewd-ufaq-post-margin ewd-ufaq-faq-post'>\n\t\n<p class=\"wp-block-paragraph\">Gegen diese Option spricht die Erf\u00fcllung der gesetzlich geforderten Einsatzzeiten<\/p>\n<\/div>\n\t\t\n\t\t\t<div class='ewd-ufaq-faq-custom-fields'>\n\n\t\n<\/div>\n\t\t\n\t\t\t\n\t\t\n\t\t\t\n\t\t\n\t\t\t\n\t\t\n\t\t\t\n\t\t\n\t\t\t\n\t\t\n\t\t\t\n\t\t\n\t\t\t\n\t\t\n\t<\/div>\n\n<\/div><div  class=\"ewd-ufaq-faq-div ewd-ufaq-faq-column-count-one ewd-ufaq-faq-responsive-columns- ewd-ufaq-faq-display-style-default ewd-ufaq-can-be-toggled\" id='ewd-ufaq-post-462-OtU28ZstN7' data-post_id='462'>\n\n\t\t\n\t<div class='ewd-ufaq-faq-title ewd-ufaq-faq-toggle'>\n\t\n\t<a class='ewd-ufaq-post-margin'  href='#' role=\"button\">\n\n\t\t<div class='ewd-ufaq-post-margin-symbol ewd-ufaq-square'>\n\t\t\t<span >a<\/span>\n\t\t<\/div>\n\n\t\t<div class='ewd-ufaq-faq-title-text'>\n\n\t\t\t<h4>\n\t\t\t\tK\u00f6nnte der fehlende Platz nicht durch den Feuerwehr-Schopf abgedeckt werden?\t\t\t<\/h4>\n\n\t\t<\/div>\n\n\t\t<div class='ewd-ufaq-clear'><\/div>\n\n\t<\/a>\n\t\n<\/div>\n\t\n\t<div class='ewd-ufaq-faq-body ewd-ufaq-hidden' >\n\n\t\t\n\t\t\t\n\t\t\n\t\t\t<div class='ewd-ufaq-post-margin ewd-ufaq-faq-post'>\n\t\n<p class=\"wp-block-paragraph\">Nein, der angrenzende Schopf erf\u00fcllt weder brandschutztechnische noch energetische Anforderungen. Es gibt weder Wasser noch eine Heizung, dazu kommt, dass die r\u00e4umliche Trennung die Prozesse aufw\u00e4ndiger macht.<br>Zudem m\u00fcsste das Hauptlokal trotzdem saniert werden<\/p>\n<\/div>\n\t\t\n\t\t\t<div class='ewd-ufaq-faq-custom-fields'>\n\n\t\n<\/div>\n\t\t\n\t\t\t\n\t\t\n\t\t\t\n\t\t\n\t\t\t\n\t\t\n\t\t\t\n\t\t\n\t\t\t\n\t\t\n\t\t\t\n\t\t\n\t\t\t\n\t\t\n\t<\/div>\n\n<\/div><div  class=\"ewd-ufaq-faq-div ewd-ufaq-faq-column-count-one ewd-ufaq-faq-responsive-columns- ewd-ufaq-faq-display-style-default ewd-ufaq-can-be-toggled\" id='ewd-ufaq-post-461-9jK7nCtG5V' data-post_id='461'>\n\n\t\t\n\t<div class='ewd-ufaq-faq-title ewd-ufaq-faq-toggle'>\n\t\n\t<a class='ewd-ufaq-post-margin'  href='#' role=\"button\">\n\n\t\t<div class='ewd-ufaq-post-margin-symbol ewd-ufaq-square'>\n\t\t\t<span >a<\/span>\n\t\t<\/div>\n\n\t\t<div class='ewd-ufaq-faq-title-text'>\n\n\t\t\t<h4>\n\t\t\t\tWarum wird das Geb\u00e4ude nicht abgerissen und ein Neubau erstellt?\t\t\t<\/h4>\n\n\t\t<\/div>\n\n\t\t<div class='ewd-ufaq-clear'><\/div>\n\n\t<\/a>\n\t\n<\/div>\n\t\n\t<div class='ewd-ufaq-faq-body ewd-ufaq-hidden' >\n\n\t\t\n\t\t\t\n\t\t\n\t\t\t<div class='ewd-ufaq-post-margin ewd-ufaq-faq-post'>\n\t\n<p class=\"wp-block-paragraph\">Der Standort des bisherigen Feuerwehr-Lokals ist f\u00fcr uns einsatztechnisch optimal (viele \u00f6ffentliche Geb\u00e4ude mit grosser Personenbelegung in relativ geringer Distanz). Ein Neubau am bestehenden Standort w\u00fcrde wegen Anforderungen an Kernzonen durch das Amt f\u00fcr Raumentwicklung sehr schwierig und teuer.<\/p>\n<\/div>\n\t\t\n\t\t\t<div class='ewd-ufaq-faq-custom-fields'>\n\n\t\n<\/div>\n\t\t\n\t\t\t\n\t\t\n\t\t\t\n\t\t\n\t\t\t\n\t\t\n\t\t\t\n\t\t\n\t\t\t\n\t\t\n\t\t\t\n\t\t\n\t\t\t\n\t\t\n\t<\/div>\n\n<\/div><\/div>\n\n<\/div>\n<div id='ewd-ufaq-faq-category-umbau-phase' class='ewd-ufaq-faq-category'>\n\t\n\t<div class='ewd-ufaq-faq-category-title ewd-ufaq-faq-category-title-toggle' tabindex=\"0\" >\n\t\t\n\t\t<h4 title=\"Click here to open Umbau-Phase\">\n\t\t\tUmbau-Phase\t\t\t <span>(3)<\/span>\t\t<\/h4>\n\n\t\t\t\n\t<\/div>\n\t\n\t<div class='ewd-ufaq-faq-category-inner ewd-ufaq-faq-category-body-hidden' >\n<div  class=\"ewd-ufaq-faq-div ewd-ufaq-faq-column-count-one ewd-ufaq-faq-responsive-columns- ewd-ufaq-faq-display-style-default ewd-ufaq-can-be-toggled\" id='ewd-ufaq-post-470-cKWPDQdy3r' data-post_id='470'>\n\n\t\t\n\t<div class='ewd-ufaq-faq-title ewd-ufaq-faq-toggle'>\n\t\n\t<a class='ewd-ufaq-post-margin'  href='#' role=\"button\">\n\n\t\t<div class='ewd-ufaq-post-margin-symbol ewd-ufaq-square'>\n\t\t\t<span >a<\/span>\n\t\t<\/div>\n\n\t\t<div class='ewd-ufaq-faq-title-text'>\n\n\t\t\t<h4>\n\t\t\t\tBeteiligt sich die Feuerwehr am Umbau?\t\t\t<\/h4>\n\n\t\t<\/div>\n\n\t\t<div class='ewd-ufaq-clear'><\/div>\n\n\t<\/a>\n\t\n<\/div>\n\t\n\t<div class='ewd-ufaq-faq-body ewd-ufaq-hidden' >\n\n\t\t\n\t\t\t\n\t\t\n\t\t\t<div class='ewd-ufaq-post-margin ewd-ufaq-faq-post'>\n\t\n<p class=\"wp-block-paragraph\">Im Rahmen der M\u00f6glichkeiten werden wir uns am Umbau beteiligen. Wir werden vor allem Arbeiten im Bereich der Vorbereitung der Hauptarbeiten ausf\u00fchren. Dazu geh\u00f6rt die komplette R\u00e4umung inkl. Umzug und auch vorbereitende Abbrucharbeiten. <br>Gewisse Teile der Inneneinrichtung m\u00f6chten wir ebenfalls selber erstellen.<\/p>\n<\/div>\n\t\t\n\t\t\t<div class='ewd-ufaq-faq-custom-fields'>\n\n\t\n<\/div>\n\t\t\n\t\t\t\n\t\t\n\t\t\t\n\t\t\n\t\t\t\n\t\t\n\t\t\t\n\t\t\n\t\t\t\n\t\t\n\t\t\t\n\t\t\n\t\t\t\n\t\t\n\t<\/div>\n\n<\/div><div  class=\"ewd-ufaq-faq-div ewd-ufaq-faq-column-count-one ewd-ufaq-faq-responsive-columns- ewd-ufaq-faq-display-style-default ewd-ufaq-can-be-toggled\" id='ewd-ufaq-post-469-v7nTqUzfW7' data-post_id='469'>\n\n\t\t\n\t<div class='ewd-ufaq-faq-title ewd-ufaq-faq-toggle'>\n\t\n\t<a class='ewd-ufaq-post-margin'  href='#' role=\"button\">\n\n\t\t<div class='ewd-ufaq-post-margin-symbol ewd-ufaq-square'>\n\t\t\t<span >a<\/span>\n\t\t<\/div>\n\n\t\t<div class='ewd-ufaq-faq-title-text'>\n\n\t\t\t<h4>\n\t\t\t\tWo ist der Standort der Feuerwehr w\u00e4hrend des Umbaus?\t\t\t<\/h4>\n\n\t\t<\/div>\n\n\t\t<div class='ewd-ufaq-clear'><\/div>\n\n\t<\/a>\n\t\n<\/div>\n\t\n\t<div class='ewd-ufaq-faq-body ewd-ufaq-hidden' >\n\n\t\t\n\t\t\t\n\t\t\n\t\t\t<div class='ewd-ufaq-post-margin ewd-ufaq-faq-post'>\n\t\n<p class=\"wp-block-paragraph\">W\u00e4hrend des Umbaus werden wir unser Material an verschiedenen Standort verteilen. Hauptstandort wird im alten Kirchgemeindehaus sein (Garderobe, Kommandoraum, Lagerraum). Die Einsatzfahrzeuge werden ab Werkhof Wiesendangen resp. ab Standort Gundetswil f\u00fcr den Einsatz zur Verf\u00fcgung stehen.<\/p>\n<\/div>\n\t\t\n\t\t\t<div class='ewd-ufaq-faq-custom-fields'>\n\n\t\n<\/div>\n\t\t\n\t\t\t\n\t\t\n\t\t\t\n\t\t\n\t\t\t\n\t\t\n\t\t\t\n\t\t\n\t\t\t\n\t\t\n\t\t\t\n\t\t\n\t\t\t\n\t\t\n\t<\/div>\n\n<\/div><div  class=\"ewd-ufaq-faq-div ewd-ufaq-faq-column-count-one ewd-ufaq-faq-responsive-columns- ewd-ufaq-faq-display-style-default ewd-ufaq-can-be-toggled\" id='ewd-ufaq-post-468-pmL7xNJY4V' data-post_id='468'>\n\n\t\t\n\t<div class='ewd-ufaq-faq-title ewd-ufaq-faq-toggle'>\n\t\n\t<a class='ewd-ufaq-post-margin'  href='#' role=\"button\">\n\n\t\t<div class='ewd-ufaq-post-margin-symbol ewd-ufaq-square'>\n\t\t\t<span >a<\/span>\n\t\t<\/div>\n\n\t\t<div class='ewd-ufaq-faq-title-text'>\n\n\t\t\t<h4>\n\t\t\t\tIst die Einsatzbereitschaft w\u00e4hrend des Umbaus gew\u00e4hrleistet?\t\t\t<\/h4>\n\n\t\t<\/div>\n\n\t\t<div class='ewd-ufaq-clear'><\/div>\n\n\t<\/a>\n\t\n<\/div>\n\t\n\t<div class='ewd-ufaq-faq-body ewd-ufaq-hidden' >\n\n\t\t\n\t\t\t\n\t\t\n\t\t\t<div class='ewd-ufaq-post-margin ewd-ufaq-faq-post'>\n\t\n<p class=\"wp-block-paragraph\">Ja. Wir lagern s\u00e4mtliches Material so aus, dass wir komplett einsatzf\u00e4hig bleiben. Dies bedingt gewisse organisatorische \u00c4nderungen und eine grosse Flexibilit\u00e4t unserer Mannschaft, da wir unser Material und die Fahrzeuge auf mehrere Standorte aufteilen.<\/p>\n<\/div>\n\t\t\n\t\t\t<div class='ewd-ufaq-faq-custom-fields'>\n\n\t\n<\/div>\n\t\t\n\t\t\t\n\t\t\n\t\t\t\n\t\t\n\t\t\t\n\t\t\n\t\t\t\n\t\t\n\t\t\t\n\t\t\n\t\t\t\n\t\t\n\t\t\t\n\t\t\n\t<\/div>\n\n<\/div><\/div>\n\n<\/div>\n<div id='ewd-ufaq-faq-category-umgebung' class='ewd-ufaq-faq-category'>\n\t\n\t<div class='ewd-ufaq-faq-category-title ewd-ufaq-faq-category-title-toggle' tabindex=\"0\" >\n\t\t\n\t\t<h4 title=\"Click here to open Umgebung\">\n\t\t\tUmgebung\t\t\t <span>(3)<\/span>\t\t<\/h4>\n\n\t\t\t\n\t<\/div>\n\t\n\t<div class='ewd-ufaq-faq-category-inner ewd-ufaq-faq-category-body-hidden' >\n<div  class=\"ewd-ufaq-faq-div ewd-ufaq-faq-column-count-one ewd-ufaq-faq-responsive-columns- ewd-ufaq-faq-display-style-default ewd-ufaq-can-be-toggled\" id='ewd-ufaq-post-467-m5hvGtxw9h' data-post_id='467'>\n\n\t\t\n\t<div class='ewd-ufaq-faq-title ewd-ufaq-faq-toggle'>\n\t\n\t<a class='ewd-ufaq-post-margin'  href='#' role=\"button\">\n\n\t\t<div class='ewd-ufaq-post-margin-symbol ewd-ufaq-square'>\n\t\t\t<span >a<\/span>\n\t\t<\/div>\n\n\t\t<div class='ewd-ufaq-faq-title-text'>\n\n\t\t\t<h4>\n\t\t\t\tWird dann der Platz im angrenzenden Schopf nicht mehr ben\u00f6tigt?\t\t\t<\/h4>\n\n\t\t<\/div>\n\n\t\t<div class='ewd-ufaq-clear'><\/div>\n\n\t<\/a>\n\t\n<\/div>\n\t\n\t<div class='ewd-ufaq-faq-body ewd-ufaq-hidden' >\n\n\t\t\n\t\t\t\n\t\t\n\t\t\t<div class='ewd-ufaq-post-margin ewd-ufaq-faq-post'>\n\t\n<p class=\"wp-block-paragraph\">Der Schopf wird trotz Erweiterung vom Hauptlokal weiterhin f\u00fcr Einsatzmaterial (Sands\u00e4cke) und vor allem f\u00fcr Anh\u00e4nger ben\u00f6tigt<\/p>\n<\/div>\n\t\t\n\t\t\t<div class='ewd-ufaq-faq-custom-fields'>\n\n\t\n<\/div>\n\t\t\n\t\t\t\n\t\t\n\t\t\t\n\t\t\n\t\t\t\n\t\t\n\t\t\t\n\t\t\n\t\t\t\n\t\t\n\t\t\t\n\t\t\n\t\t\t\n\t\t\n\t<\/div>\n\n<\/div><div  class=\"ewd-ufaq-faq-div ewd-ufaq-faq-column-count-one ewd-ufaq-faq-responsive-columns- ewd-ufaq-faq-display-style-default ewd-ufaq-can-be-toggled\" id='ewd-ufaq-post-466-0TzIfPWNYW' data-post_id='466'>\n\n\t\t\n\t<div class='ewd-ufaq-faq-title ewd-ufaq-faq-toggle'>\n\t\n\t<a class='ewd-ufaq-post-margin'  href='#' role=\"button\">\n\n\t\t<div class='ewd-ufaq-post-margin-symbol ewd-ufaq-square'>\n\t\t\t<span >a<\/span>\n\t\t<\/div>\n\n\t\t<div class='ewd-ufaq-faq-title-text'>\n\n\t\t\t<h4>\n\t\t\t\tBleibt der \u00f6ffentliche Parkplatz hinter dem Feuerwehr-Geb\u00e4ude?\t\t\t<\/h4>\n\n\t\t<\/div>\n\n\t\t<div class='ewd-ufaq-clear'><\/div>\n\n\t<\/a>\n\t\n<\/div>\n\t\n\t<div class='ewd-ufaq-faq-body ewd-ufaq-hidden' >\n\n\t\t\n\t\t\t\n\t\t\n\t\t\t<div class='ewd-ufaq-post-margin ewd-ufaq-faq-post'>\n\t\n<p class=\"wp-block-paragraph\">Mit der Erweiterung des Feuerwehrlokals wird auch der Parkplatz durch die Gemeinde neu gestaltet. <br>Die Feuerwehr wird aber f\u00fcr einr\u00fcckende Ersteinsatzkr\u00e4fte ein paar Parkpl\u00e4tze fix zugeteilt bekommen.<\/p>\n<\/div>\n\t\t\n\t\t\t<div class='ewd-ufaq-faq-custom-fields'>\n\n\t\n<\/div>\n\t\t\n\t\t\t\n\t\t\n\t\t\t\n\t\t\n\t\t\t\n\t\t\n\t\t\t\n\t\t\n\t\t\t\n\t\t\n\t\t\t\n\t\t\n\t\t\t\n\t\t\n\t<\/div>\n\n<\/div><div  class=\"ewd-ufaq-faq-div ewd-ufaq-faq-column-count-one ewd-ufaq-faq-responsive-columns- ewd-ufaq-faq-display-style-default ewd-ufaq-can-be-toggled\" id='ewd-ufaq-post-465-50rUWPcbOZ' data-post_id='465'>\n\n\t\t\n\t<div class='ewd-ufaq-faq-title ewd-ufaq-faq-toggle'>\n\t\n\t<a class='ewd-ufaq-post-margin'  href='#' role=\"button\">\n\n\t\t<div class='ewd-ufaq-post-margin-symbol ewd-ufaq-square'>\n\t\t\t<span >a<\/span>\n\t\t<\/div>\n\n\t\t<div class='ewd-ufaq-faq-title-text'>\n\n\t\t\t<h4>\n\t\t\t\tWas passiert mit der Materiallager der CEVI im Schopf?\t\t\t<\/h4>\n\n\t\t<\/div>\n\n\t\t<div class='ewd-ufaq-clear'><\/div>\n\n\t<\/a>\n\t\n<\/div>\n\t\n\t<div class='ewd-ufaq-faq-body ewd-ufaq-hidden' >\n\n\t\t\n\t\t\t\n\t\t\n\t\t\t<div class='ewd-ufaq-post-margin ewd-ufaq-faq-post'>\n\t\n<p class=\"wp-block-paragraph\">Aktuell hat die CEVI im n\u00f6rdlichen Teil des Schopfes (welcher abgebrochen wird), ihr Materiallager. <br>Die Gemeinde steht in Verhandlungen mit der CEVI bez\u00fcglich eines geeigneten Ersatzstandortes.<\/p>\n<\/div>\n\t\t\n\t\t\t<div class='ewd-ufaq-faq-custom-fields'>\n\n\t\n<\/div>\n\t\t\n\t\t\t\n\t\t\n\t\t\t\n\t\t\n\t\t\t\n\t\t\n\t\t\t\n\t\t\n\t\t\t\n\t\t\n\t\t\t\n\t\t\n\t\t\t\n\t\t\n\t<\/div>\n\n<\/div><\/div>\n\n<\/div>\n<div id='ewd-ufaq-faq-category-zukunft' class='ewd-ufaq-faq-category'>\n\t\n\t<div class='ewd-ufaq-faq-category-title ewd-ufaq-faq-category-title-toggle' tabindex=\"0\" >\n\t\t\n\t\t<h4 title=\"Click here to open Zukunft\">\n\t\t\tZukunft\t\t\t <span>(3)<\/span>\t\t<\/h4>\n\n\t\t\t\n\t<\/div>\n\t\n\t<div class='ewd-ufaq-faq-category-inner ewd-ufaq-faq-category-body-hidden' >\n<div  class=\"ewd-ufaq-faq-div ewd-ufaq-faq-column-count-one ewd-ufaq-faq-responsive-columns- ewd-ufaq-faq-display-style-default ewd-ufaq-can-be-toggled\" id='ewd-ufaq-post-473-yq4XSt9Ur0' data-post_id='473'>\n\n\t\t\n\t<div class='ewd-ufaq-faq-title ewd-ufaq-faq-toggle'>\n\t\n\t<a class='ewd-ufaq-post-margin'  href='#' role=\"button\">\n\n\t\t<div class='ewd-ufaq-post-margin-symbol ewd-ufaq-square'>\n\t\t\t<span >a<\/span>\n\t\t<\/div>\n\n\t\t<div class='ewd-ufaq-faq-title-text'>\n\n\t\t\t<h4>\n\t\t\t\tIst die Feuerwehr weiterhin an der Chilbi pr\u00e4sent?\t\t\t<\/h4>\n\n\t\t<\/div>\n\n\t\t<div class='ewd-ufaq-clear'><\/div>\n\n\t<\/a>\n\t\n<\/div>\n\t\n\t<div class='ewd-ufaq-faq-body ewd-ufaq-hidden' >\n\n\t\t\n\t\t\t\n\t\t\n\t\t\t<div class='ewd-ufaq-post-margin ewd-ufaq-faq-post'>\n\t\n<p class=\"wp-block-paragraph\">Ja, es handelt sich um ein Fest von und f\u00fcr Wiesendangen. Auch wir sind ein Teil der Gemeinde und m\u00f6chten auch f\u00fcr die Bev\u00f6lkerung sichtbar sein.<br>F\u00fcr uns ist die Chilbi auch stehts eine gute Gelegenheit neue Mitglieder anzuwerben , um so den gesetzlichen Auftrag erf\u00fcllen zu k\u00f6nnen<\/p>\n<\/div>\n\t\t\n\t\t\t<div class='ewd-ufaq-faq-custom-fields'>\n\n\t\n<\/div>\n\t\t\n\t\t\t\n\t\t\n\t\t\t\n\t\t\n\t\t\t\n\t\t\n\t\t\t\n\t\t\n\t\t\t\n\t\t\n\t\t\t\n\t\t\n\t\t\t\n\t\t\n\t<\/div>\n\n<\/div><div  class=\"ewd-ufaq-faq-div ewd-ufaq-faq-column-count-one ewd-ufaq-faq-responsive-columns- ewd-ufaq-faq-display-style-default ewd-ufaq-can-be-toggled\" id='ewd-ufaq-post-472-l2eDMD9Lc6' data-post_id='472'>\n\n\t\t\n\t<div class='ewd-ufaq-faq-title ewd-ufaq-faq-toggle'>\n\t\n\t<a class='ewd-ufaq-post-margin'  href='#' role=\"button\">\n\n\t\t<div class='ewd-ufaq-post-margin-symbol ewd-ufaq-square'>\n\t\t\t<span >a<\/span>\n\t\t<\/div>\n\n\t\t<div class='ewd-ufaq-faq-title-text'>\n\n\t\t\t<h4>\n\t\t\t\tWas f\u00fcr Konsequenzen sind zu erwarten, wenn der Umbau abgelehnt wird?\t\t\t<\/h4>\n\n\t\t<\/div>\n\n\t\t<div class='ewd-ufaq-clear'><\/div>\n\n\t<\/a>\n\t\n<\/div>\n\t\n\t<div class='ewd-ufaq-faq-body ewd-ufaq-hidden' >\n\n\t\t\n\t\t\t\n\t\t\n\t\t\t<div class='ewd-ufaq-post-margin ewd-ufaq-faq-post'>\n\t\n<p class=\"wp-block-paragraph\">Sanierungsmassnahmen sind gem\u00e4ss heutigem Stand zwingend notwendig. Allerdings werden diese dann schrittweise umgesetzt, was h\u00f6here Aufw\u00e4nde und auch Mehrkosten in der Unterhaltsrechnung zur Folge hat. Erfahrungsgem\u00e4ss sind solche Massnahmen teurer und weniger nachhaltig.<br>Das Problem der fehlenden R\u00e4umlichkeiten w\u00e4re nicht gel\u00f6st. In diesem Bereich m\u00fcssten dann alternative L\u00f6sungen gesucht werden. Eine somit r\u00e4umlich verteilte L\u00f6sung w\u00fcrde aber wiederum zu Lasten der Einsatz-Effizienz f\u00fchren.<br>Bei einer Ablehnung ist eine Umsetzung der <a href=\"http:\/\/www.feuerwehr-wiesendangen.ch\/lokal\/schwarz-weiss-trennung\/\">Schwarz\/Weiss-Trennung<\/a> und der damit verbundenen pers\u00f6nlichen Hygiene weiterhin nur ungen\u00fcgend m\u00f6glich. Damit kann die Gemeinde als Arbeitgeber unserer <abbr class=\"c2c-text-hover\" title=\"Angeh\u00f6rige der Feuerwehr\">AdF<\/abbr> nicht alle Massnahmen treffen, um den Gesundheitsschutz zu wahren und zu verbessern (Aufgabe gem\u00e4ss Arbeitsgesetz und deren Verordnungen). Ersatzmassnahmen m\u00fcssen \u00fcberpr\u00fcft, geplant, umgesetzt und ebenfalls finanziert werden. <\/p>\n<\/div>\n\t\t\n\t\t\t<div class='ewd-ufaq-faq-custom-fields'>\n\n\t\n<\/div>\n\t\t\n\t\t\t\n\t\t\n\t\t\t\n\t\t\n\t\t\t\n\t\t\n\t\t\t\n\t\t\n\t\t\t\n\t\t\n\t\t\t\n\t\t\n\t\t\t\n\t\t\n\t<\/div>\n\n<\/div><div  class=\"ewd-ufaq-faq-div ewd-ufaq-faq-column-count-one ewd-ufaq-faq-responsive-columns- ewd-ufaq-faq-display-style-default ewd-ufaq-can-be-toggled\" id='ewd-ufaq-post-471-Yir6yx6kRC' data-post_id='471'>\n\n\t\t\n\t<div class='ewd-ufaq-faq-title ewd-ufaq-faq-toggle'>\n\t\n\t<a class='ewd-ufaq-post-margin'  href='#' role=\"button\">\n\n\t\t<div class='ewd-ufaq-post-margin-symbol ewd-ufaq-square'>\n\t\t\t<span >a<\/span>\n\t\t<\/div>\n\n\t\t<div class='ewd-ufaq-faq-title-text'>\n\n\t\t\t<h4>\n\t\t\t\tWie sieht die Zukuft der Feuerwehr Wiesendangen aus?\t\t\t<\/h4>\n\n\t\t<\/div>\n\n\t\t<div class='ewd-ufaq-clear'><\/div>\n\n\t<\/a>\n\t\n<\/div>\n\t\n\t<div class='ewd-ufaq-faq-body ewd-ufaq-hidden' >\n\n\t\t\n\t\t\t\n\t\t\n\t\t\t<div class='ewd-ufaq-post-margin ewd-ufaq-faq-post'>\n\t\n<p class=\"wp-block-paragraph\">Die Gemeinde und die generelle Mobilit\u00e4t w\u00e4chst stetig. Dies und Ver\u00e4nderungen der klimatischen Verh\u00e4ltnissen f\u00fchren tendenziell zu mehr Eins\u00e4tzen. <br> Die geplante Erweiterung hat das Ziel der Optimierung der Ressourcen, um auch weiterhin m\u00f6glichst effizient Eins\u00e4tze abzuwickeln. Dazu geh\u00f6rt auch eine effiziente Retablierung des Einsatzmaterials, um die zeitliche Belastung der Einsatzkr\u00e4fte (Abwesenheit am Arbeitsplatz) zu reduzieren. Ebenfalls reduzieren sich durch eine schnellere Retablierung die Einsatzkosten, was je nach Einsatz-Verrechnung auch die Gemeinde entlastet.<\/p>\n<\/div>\n\t\t\n\t\t\t<div class='ewd-ufaq-faq-custom-fields'>\n\n\t\n<\/div>\n\t\t\n\t\t\t\n\t\t\n\t\t\t\n\t\t\n\t\t\t\n\t\t\n\t\t\t\n\t\t\n\t\t\t\n\t\t\n\t\t\t\n\t\t\n\t\t\t\n\t\t\n\t<\/div>\n\n<\/div><\/div>\n\n<\/div>\n\n\t<\/div>\n\n\t\n<\/div><\/p>\n","protected":false},"excerpt":{"rendered":"<p>A Wie sieht die Zukuft der Feuerwehr Wiesendangen aus? Die Gemeinde und die generelle Mobilit\u00e4t w\u00e4chst stetig. Dies und Ver\u00e4nderungen der klimatischen Verh\u00e4ltnissen f\u00fchren tendenziell zu mehr Eins\u00e4tzen. Die geplante Erweiterung hat das Ziel der Optimierung der Ressourcen, um auch weiterhin m\u00f6glichst effizient Eins\u00e4tze abzuwickeln. Dazu geh\u00f6rt auch eine effiziente Retablierung des Einsatzmaterials, um die &hellip; <\/p>\n<p class=\"link-more\"><a href=\"https:\/\/feuerwehr-wiesendangen.ch\/lokal\/ufaqs\/wie-sieht-die-zukuft-der-feuerwehr-wiesendangen-aus\/\" class=\"more-link\"><span class=\"screen-reader-text\">\u201eWie sieht die Zukuft der Feuerwehr Wiesendangen aus?\u201c <\/span>weiterlesen<\/a><\/p>\n","protected":false},"author":1,"featured_media":0,"comment_status":"closed","ping_status":"closed","sticky":false,"template":"","format":"standard","meta":{"ngg_post_thumbnail":0,"wpmdr_menu":1,"wpmdr_menu_extended":{"individualPostRemove":1,"individualPostRemoveDate":1,"individualPostRemoveAuthor":1,"individualPostYoastRemovePublished":1,"individualPostYoastRemoveModified":1},"footnotes":""},"categories":[4],"tags":[],"class_list":["post-24","post","type-post","status-publish","format-standard","hentry","category-faq"],"_links":{"self":[{"href":"https:\/\/feuerwehr-wiesendangen.ch\/lokal\/wp-json\/wp\/v2\/posts\/24","targetHints":{"allow":["GET"]}}],"collection":[{"href":"https:\/\/feuerwehr-wiesendangen.ch\/lokal\/wp-json\/wp\/v2\/posts"}],"about":[{"href":"https:\/\/feuerwehr-wiesendangen.ch\/lokal\/wp-json\/wp\/v2\/types\/post"}],"author":[{"embeddable":true,"href":"https:\/\/feuerwehr-wiesendangen.ch\/lokal\/wp-json\/wp\/v2\/users\/1"}],"replies":[{"embeddable":true,"href":"https:\/\/feuerwehr-wiesendangen.ch\/lokal\/wp-json\/wp\/v2\/comments?post=24"}],"version-history":[{"count":12,"href":"https:\/\/feuerwehr-wiesendangen.ch\/lokal\/wp-json\/wp\/v2\/posts\/24\/revisions"}],"predecessor-version":[{"id":477,"href":"https:\/\/feuerwehr-wiesendangen.ch\/lokal\/wp-json\/wp\/v2\/posts\/24\/revisions\/477"}],"wp:attachment":[{"href":"https:\/\/feuerwehr-wiesendangen.ch\/lokal\/wp-json\/wp\/v2\/media?parent=24"}],"wp:term":[{"taxonomy":"category","embeddable":true,"href":"https:\/\/feuerwehr-wiesendangen.ch\/lokal\/wp-json\/wp\/v2\/categories?post=24"},{"taxonomy":"post_tag","embeddable":true,"href":"https:\/\/feuerwehr-wiesendangen.ch\/lokal\/wp-json\/wp\/v2\/tags?post=24"}],"curies":[{"name":"wp","href":"https:\/\/api.w.org\/{rel}","templated":true}]}}