{"id":1910,"date":"2022-05-07T23:55:00","date_gmt":"2022-05-07T21:55:00","guid":{"rendered":"https:\/\/feuerwehr-wiesendangen.ch\/lokal\/?p=1910"},"modified":"2022-05-28T01:32:12","modified_gmt":"2022-05-27T23:32:12","slug":"07-05-2022-tag-der-offenen-tore","status":"publish","type":"post","link":"https:\/\/feuerwehr-wiesendangen.ch\/lokal\/07-05-2022-tag-der-offenen-tore\/","title":{"rendered":"07.05.2022 &#8211; Tag der offenen Tore"},"content":{"rendered":"\n<p class=\"wp-block-paragraph\">Am 7.5.2022 war es soweit: <br>Das neue Feuerwehr-Lokal wurde offiziell der Bev\u00f6lkerung vorgestellt. Bei bestem Wetter standen alle R\u00e4ume und Fahrzeuge zur Besichtigung offen, auch f\u00fcr die Kinder wurde einiges geboten. Wir danken allen interessierten Besuchern f\u00fcr diesen tollen Tag!<\/p>\n\n\n\nngg_shortcode_0_placeholder\n","protected":false},"excerpt":{"rendered":"<p>Am 7.5.2022 war es soweit: Das neue Feuerwehr-Lokal wurde offiziell der Bev\u00f6lkerung vorgestellt. Bei bestem Wetter standen alle R\u00e4ume und Fahrzeuge zur Besichtigung offen, auch f\u00fcr die Kinder wurde einiges geboten. Wir danken allen interessierten Besuchern f\u00fcr diesen tollen Tag!<\/p>\n","protected":false},"author":1,"featured_media":0,"comment_status":"closed","ping_status":"closed","sticky":false,"template":"","format":"standard","meta":{"ngg_post_thumbnail":0,"wpmdr_menu":1,"wpmdr_menu_extended":{"individualPostRemove":1,"individualPostRemoveDate":1,"individualPostRemoveAuthor":1,"individualPostYoastRemovePublished":1,"individualPostYoastRemoveModified":1},"footnotes":""},"categories":[25],"tags":[],"class_list":["post-1910","post","type-post","status-publish","format-standard","hentry","category-umbau-umbau"],"_links":{"self":[{"href":"https:\/\/feuerwehr-wiesendangen.ch\/lokal\/wp-json\/wp\/v2\/posts\/1910","targetHints":{"allow":["GET"]}}],"collection":[{"href":"https:\/\/feuerwehr-wiesendangen.ch\/lokal\/wp-json\/wp\/v2\/posts"}],"about":[{"href":"https:\/\/feuerwehr-wiesendangen.ch\/lokal\/wp-json\/wp\/v2\/types\/post"}],"author":[{"embeddable":true,"href":"https:\/\/feuerwehr-wiesendangen.ch\/lokal\/wp-json\/wp\/v2\/users\/1"}],"replies":[{"embeddable":true,"href":"https:\/\/feuerwehr-wiesendangen.ch\/lokal\/wp-json\/wp\/v2\/comments?post=1910"}],"version-history":[{"count":2,"href":"https:\/\/feuerwehr-wiesendangen.ch\/lokal\/wp-json\/wp\/v2\/posts\/1910\/revisions"}],"predecessor-version":[{"id":1912,"href":"https:\/\/feuerwehr-wiesendangen.ch\/lokal\/wp-json\/wp\/v2\/posts\/1910\/revisions\/1912"}],"wp:attachment":[{"href":"https:\/\/feuerwehr-wiesendangen.ch\/lokal\/wp-json\/wp\/v2\/media?parent=1910"}],"wp:term":[{"taxonomy":"category","embeddable":true,"href":"https:\/\/feuerwehr-wiesendangen.ch\/lokal\/wp-json\/wp\/v2\/categories?post=1910"},{"taxonomy":"post_tag","embeddable":true,"href":"https:\/\/feuerwehr-wiesendangen.ch\/lokal\/wp-json\/wp\/v2\/tags?post=1910"}],"curies":[{"name":"wp","href":"https:\/\/api.w.org\/{rel}","templated":true}]}}