{"id":1634,"date":"2021-12-28T18:00:00","date_gmt":"2021-12-28T17:00:00","guid":{"rendered":"https:\/\/feuerwehr-wiesendangen.ch\/lokal\/?p=1634"},"modified":"2022-01-02T16:09:08","modified_gmt":"2022-01-02T15:09:08","slug":"28-12-2021-umzug-tag-2","status":"publish","type":"post","link":"https:\/\/feuerwehr-wiesendangen.ch\/lokal\/28-12-2021-umzug-tag-2\/","title":{"rendered":"28.12.2021 &#8211; Umzug Tag 2"},"content":{"rendered":"\nngg_shortcode_0_placeholder\n\n\n\n<p class=\"wp-block-paragraph\">Auch am Tag zwei wurde noch fleissig einger\u00e4umt und optimiert.<\/p>\n\n\n\n<p class=\"wp-block-paragraph\">Als n\u00e4chster grosser Schritt werden wir zusammen mit der Mannschaft die neuen Arbeitsabl\u00e4ufe thematisieren, damit wir unser neues Geb\u00e4ude effizient nutzen k\u00f6nnen.<\/p>\n","protected":false},"excerpt":{"rendered":"<p>Auch am Tag zwei wurde noch fleissig einger\u00e4umt und optimiert. Als n\u00e4chster grosser Schritt werden wir zusammen mit der Mannschaft die neuen Arbeitsabl\u00e4ufe thematisieren, damit wir unser neues Geb\u00e4ude effizient nutzen k\u00f6nnen.<\/p>\n","protected":false},"author":1,"featured_media":0,"comment_status":"closed","ping_status":"closed","sticky":false,"template":"","format":"standard","meta":{"ngg_post_thumbnail":0,"wpmdr_menu":1,"wpmdr_menu_extended":{"individualPostRemove":1,"individualPostRemoveDate":1,"individualPostRemoveAuthor":1,"individualPostYoastRemovePublished":1,"individualPostYoastRemoveModified":1},"footnotes":""},"categories":[25],"tags":[],"class_list":["post-1634","post","type-post","status-publish","format-standard","hentry","category-umbau-umbau"],"_links":{"self":[{"href":"https:\/\/feuerwehr-wiesendangen.ch\/lokal\/wp-json\/wp\/v2\/posts\/1634","targetHints":{"allow":["GET"]}}],"collection":[{"href":"https:\/\/feuerwehr-wiesendangen.ch\/lokal\/wp-json\/wp\/v2\/posts"}],"about":[{"href":"https:\/\/feuerwehr-wiesendangen.ch\/lokal\/wp-json\/wp\/v2\/types\/post"}],"author":[{"embeddable":true,"href":"https:\/\/feuerwehr-wiesendangen.ch\/lokal\/wp-json\/wp\/v2\/users\/1"}],"replies":[{"embeddable":true,"href":"https:\/\/feuerwehr-wiesendangen.ch\/lokal\/wp-json\/wp\/v2\/comments?post=1634"}],"version-history":[{"count":1,"href":"https:\/\/feuerwehr-wiesendangen.ch\/lokal\/wp-json\/wp\/v2\/posts\/1634\/revisions"}],"predecessor-version":[{"id":1635,"href":"https:\/\/feuerwehr-wiesendangen.ch\/lokal\/wp-json\/wp\/v2\/posts\/1634\/revisions\/1635"}],"wp:attachment":[{"href":"https:\/\/feuerwehr-wiesendangen.ch\/lokal\/wp-json\/wp\/v2\/media?parent=1634"}],"wp:term":[{"taxonomy":"category","embeddable":true,"href":"https:\/\/feuerwehr-wiesendangen.ch\/lokal\/wp-json\/wp\/v2\/categories?post=1634"},{"taxonomy":"post_tag","embeddable":true,"href":"https:\/\/feuerwehr-wiesendangen.ch\/lokal\/wp-json\/wp\/v2\/tags?post=1634"}],"curies":[{"name":"wp","href":"https:\/\/api.w.org\/{rel}","templated":true}]}}