{"id":1227,"date":"2021-04-07T18:00:00","date_gmt":"2021-04-07T16:00:00","guid":{"rendered":"https:\/\/feuerwehr-wiesendangen.ch\/lokal\/?p=1227"},"modified":"2021-05-24T21:22:49","modified_gmt":"2021-05-24T19:22:49","slug":"07-04-2021-gebaeudehuelle","status":"publish","type":"post","link":"https:\/\/feuerwehr-wiesendangen.ch\/lokal\/07-04-2021-gebaeudehuelle\/","title":{"rendered":"07.04.2021 &#8211; Geb\u00e4udeh\u00fclle"},"content":{"rendered":"\n<p class=\"wp-block-paragraph\">Um die energetischen Vorgaben erf\u00fcllen zu k\u00f6nnen, wird die komplette Geb\u00e4udeh\u00fclle neu isoliert<\/p>\n\n\n\nngg_shortcode_0_placeholder\n","protected":false},"excerpt":{"rendered":"<p>Um die energetischen Vorgaben erf\u00fcllen zu k\u00f6nnen, wird die komplette Geb\u00e4udeh\u00fclle neu isoliert<\/p>\n","protected":false},"author":1,"featured_media":0,"comment_status":"closed","ping_status":"closed","sticky":false,"template":"","format":"standard","meta":{"ngg_post_thumbnail":0,"wpmdr_menu":1,"wpmdr_menu_extended":{"individualPostRemove":1,"individualPostRemoveDate":1,"individualPostRemoveAuthor":1,"individualPostYoastRemovePublished":1,"individualPostYoastRemoveModified":1},"footnotes":""},"categories":[25],"tags":[],"class_list":["post-1227","post","type-post","status-publish","format-standard","hentry","category-umbau-umbau"],"_links":{"self":[{"href":"https:\/\/feuerwehr-wiesendangen.ch\/lokal\/wp-json\/wp\/v2\/posts\/1227","targetHints":{"allow":["GET"]}}],"collection":[{"href":"https:\/\/feuerwehr-wiesendangen.ch\/lokal\/wp-json\/wp\/v2\/posts"}],"about":[{"href":"https:\/\/feuerwehr-wiesendangen.ch\/lokal\/wp-json\/wp\/v2\/types\/post"}],"author":[{"embeddable":true,"href":"https:\/\/feuerwehr-wiesendangen.ch\/lokal\/wp-json\/wp\/v2\/users\/1"}],"replies":[{"embeddable":true,"href":"https:\/\/feuerwehr-wiesendangen.ch\/lokal\/wp-json\/wp\/v2\/comments?post=1227"}],"version-history":[{"count":1,"href":"https:\/\/feuerwehr-wiesendangen.ch\/lokal\/wp-json\/wp\/v2\/posts\/1227\/revisions"}],"predecessor-version":[{"id":1228,"href":"https:\/\/feuerwehr-wiesendangen.ch\/lokal\/wp-json\/wp\/v2\/posts\/1227\/revisions\/1228"}],"wp:attachment":[{"href":"https:\/\/feuerwehr-wiesendangen.ch\/lokal\/wp-json\/wp\/v2\/media?parent=1227"}],"wp:term":[{"taxonomy":"category","embeddable":true,"href":"https:\/\/feuerwehr-wiesendangen.ch\/lokal\/wp-json\/wp\/v2\/categories?post=1227"},{"taxonomy":"post_tag","embeddable":true,"href":"https:\/\/feuerwehr-wiesendangen.ch\/lokal\/wp-json\/wp\/v2\/tags?post=1227"}],"curies":[{"name":"wp","href":"https:\/\/api.w.org\/{rel}","templated":true}]}}