{"id":119,"date":"2019-04-14T19:59:13","date_gmt":"2019-04-14T17:59:13","guid":{"rendered":"http:\/\/www.feuerwehr-wiesendangen.ch\/lokal\/?p=119"},"modified":"2019-06-23T21:44:31","modified_gmt":"2019-06-23T19:44:31","slug":"grundriss-feuerwehr-lokal","status":"publish","type":"post","link":"https:\/\/feuerwehr-wiesendangen.ch\/lokal\/grundriss-feuerwehr-lokal\/","title":{"rendered":"Grundriss (EG)"},"content":{"rendered":"\n<figure class=\"wp-block-image\"><a href=\"http:\/\/www.feuerwehr-wiesendangen.ch\/lokal\/wp-content\/uploads\/2019\/06\/Grundriss-EG.png\"><img loading=\"lazy\" decoding=\"async\" width=\"248\" height=\"300\" src=\"http:\/\/www.feuerwehr-wiesendangen.ch\/lokal\/wp-content\/uploads\/2019\/06\/Grundriss-EG-248x300.png\" alt=\"\" class=\"wp-image-360\" srcset=\"https:\/\/feuerwehr-wiesendangen.ch\/lokal\/wp-content\/uploads\/2019\/06\/Grundriss-EG-248x300.png 248w, https:\/\/feuerwehr-wiesendangen.ch\/lokal\/wp-content\/uploads\/2019\/06\/Grundriss-EG-768x929.png 768w, https:\/\/feuerwehr-wiesendangen.ch\/lokal\/wp-content\/uploads\/2019\/06\/Grundriss-EG.png 814w\" sizes=\"auto, (max-width: 248px) 100vw, 248px\" \/><\/a><\/figure>\n\n\n\n<p class=\"wp-block-paragraph\">Das bestehende Geb\u00e4ude wird auf der Westseite begradigt um im Bereich der ehemaligen Garderoben den Platz f\u00fcr einen Kommando-Raum und einen kleinen Aufenthaltsraum zu schaffen. <br>Der Kommando-Raum kann so f\u00fcr kleine Sitzungen, B\u00fcroarbeiten aber auch zur F\u00fchrung von Mehrfach-Ereignissen (z. B. bei Unwetter-Lage \u00fcber Einsatzgebiet) genutzt werden.<br>Die Fahrzeughalle ist aktuell auf zwei unterschiedlichen Niveaus. Da wegen der energetischen Sanierung auch der Boden isoliert werden muss, wird der rechte Teil welcher h\u00f6her liegt, auf das linke Niveau gesenkt und die Wand dazwischen entfernt. Dies hat den Vorteil, das zuk\u00fcnftig auch auf der rechten Seite h\u00f6here Fahrzeuge geparkt werden k\u00f6nnen.<\/p>\n\n\n\n<p class=\"wp-block-paragraph\">Die neuen R\u00e4umlichkeiten erweitern das bestehende Geb\u00e4ude auf der Nordseite. Die Verbindung erfolgt \u00fcber einen neuen Verbindungsgang, welcher kreuzf\u00f6rmig in der Mitte das Geb\u00e4udes liegt. Die neuen R\u00e4umlichkeiten beinhalten geschlechter-getrennte Garderoben mit WC\/Dusche, einen Atemschutzretablierungsraum und eine Waschbox, welche zur Retablierung von stark verschmutztem Einsatzmaterial und Fahrzeugen dient. Ebenfalls ist ein kleiner Trocknungsraum geplant, in welchem die Einsatzkleidung gereinigt und getrocknet werden kann.<\/p>\n","protected":false},"excerpt":{"rendered":"<p>Das bestehende Geb\u00e4ude wird auf der Westseite begradigt um im Bereich der ehemaligen Garderoben den Platz f\u00fcr einen Kommando-Raum und einen kleinen Aufenthaltsraum zu schaffen. Der Kommando-Raum kann so f\u00fcr kleine Sitzungen, B\u00fcroarbeiten aber auch zur F\u00fchrung von Mehrfach-Ereignissen (z. B. bei Unwetter-Lage \u00fcber Einsatzgebiet) genutzt werden.Die Fahrzeughalle ist aktuell auf zwei unterschiedlichen Niveaus. Da &hellip; <\/p>\n<p class=\"link-more\"><a href=\"https:\/\/feuerwehr-wiesendangen.ch\/lokal\/grundriss-feuerwehr-lokal\/\" class=\"more-link\"><span class=\"screen-reader-text\">\u201eGrundriss (EG)\u201c <\/span>weiterlesen<\/a><\/p>\n","protected":false},"author":1,"featured_media":0,"comment_status":"closed","ping_status":"closed","sticky":false,"template":"","format":"standard","meta":{"ngg_post_thumbnail":0,"wpmdr_menu":1,"wpmdr_menu_extended":{"individualPostRemove":1,"individualPostRemoveDate":1,"individualPostRemoveAuthor":1,"individualPostYoastRemovePublished":1,"individualPostYoastRemoveModified":1},"footnotes":""},"categories":[7],"tags":[],"class_list":["post-119","post","type-post","status-publish","format-standard","hentry","category-projektvorschlag"],"_links":{"self":[{"href":"https:\/\/feuerwehr-wiesendangen.ch\/lokal\/wp-json\/wp\/v2\/posts\/119","targetHints":{"allow":["GET"]}}],"collection":[{"href":"https:\/\/feuerwehr-wiesendangen.ch\/lokal\/wp-json\/wp\/v2\/posts"}],"about":[{"href":"https:\/\/feuerwehr-wiesendangen.ch\/lokal\/wp-json\/wp\/v2\/types\/post"}],"author":[{"embeddable":true,"href":"https:\/\/feuerwehr-wiesendangen.ch\/lokal\/wp-json\/wp\/v2\/users\/1"}],"replies":[{"embeddable":true,"href":"https:\/\/feuerwehr-wiesendangen.ch\/lokal\/wp-json\/wp\/v2\/comments?post=119"}],"version-history":[{"count":6,"href":"https:\/\/feuerwehr-wiesendangen.ch\/lokal\/wp-json\/wp\/v2\/posts\/119\/revisions"}],"predecessor-version":[{"id":490,"href":"https:\/\/feuerwehr-wiesendangen.ch\/lokal\/wp-json\/wp\/v2\/posts\/119\/revisions\/490"}],"wp:attachment":[{"href":"https:\/\/feuerwehr-wiesendangen.ch\/lokal\/wp-json\/wp\/v2\/media?parent=119"}],"wp:term":[{"taxonomy":"category","embeddable":true,"href":"https:\/\/feuerwehr-wiesendangen.ch\/lokal\/wp-json\/wp\/v2\/categories?post=119"},{"taxonomy":"post_tag","embeddable":true,"href":"https:\/\/feuerwehr-wiesendangen.ch\/lokal\/wp-json\/wp\/v2\/tags?post=119"}],"curies":[{"name":"wp","href":"https:\/\/api.w.org\/{rel}","templated":true}]}}