{"id":1171,"date":"2021-03-29T18:00:00","date_gmt":"2021-03-29T16:00:00","guid":{"rendered":"https:\/\/feuerwehr-wiesendangen.ch\/lokal\/?p=1171"},"modified":"2021-04-03T23:10:22","modified_gmt":"2021-04-03T21:10:22","slug":"29-03-2021-fassade-rueckwand-waschbox","status":"publish","type":"post","link":"https:\/\/feuerwehr-wiesendangen.ch\/lokal\/29-03-2021-fassade-rueckwand-waschbox\/","title":{"rendered":"29.03.2021 &#8211; Fassade + R\u00fcckwand Waschbox"},"content":{"rendered":"\n<p class=\"wp-block-paragraph\">Das ganze <abbr class='c2c-text-hover' title='Feuerwehr'>Fw<\/abbr>-Lokal ist nun einger\u00fcstet und die alte Fassade wird f\u00fcr die neue D\u00e4mmung entfernt.<br>Im hinteren Bereich wird die zweite Aussenwand der Waschbox mit der markanten Dachform vorbereitet<\/p>\n\n\n\nngg_shortcode_0_placeholder\n","protected":false},"excerpt":{"rendered":"<p>Das ganze <abbr class='c2c-text-hover' title='Feuerwehr'>Fw<\/abbr>-Lokal ist nun einger\u00fcstet und die alte Fassade wird f\u00fcr die neue D\u00e4mmung entfernt.Im hinteren Bereich wird die zweite Aussenwand der Waschbox mit der markanten Dachform vorbereitet<\/p>\n","protected":false},"author":1,"featured_media":0,"comment_status":"closed","ping_status":"closed","sticky":false,"template":"","format":"standard","meta":{"ngg_post_thumbnail":0,"wpmdr_menu":1,"wpmdr_menu_extended":{"individualPostRemove":1,"individualPostRemoveDate":1,"individualPostRemoveAuthor":1,"individualPostYoastRemovePublished":1,"individualPostYoastRemoveModified":1},"footnotes":""},"categories":[25],"tags":[],"class_list":["post-1171","post","type-post","status-publish","format-standard","hentry","category-umbau-umbau"],"_links":{"self":[{"href":"https:\/\/feuerwehr-wiesendangen.ch\/lokal\/wp-json\/wp\/v2\/posts\/1171","targetHints":{"allow":["GET"]}}],"collection":[{"href":"https:\/\/feuerwehr-wiesendangen.ch\/lokal\/wp-json\/wp\/v2\/posts"}],"about":[{"href":"https:\/\/feuerwehr-wiesendangen.ch\/lokal\/wp-json\/wp\/v2\/types\/post"}],"author":[{"embeddable":true,"href":"https:\/\/feuerwehr-wiesendangen.ch\/lokal\/wp-json\/wp\/v2\/users\/1"}],"replies":[{"embeddable":true,"href":"https:\/\/feuerwehr-wiesendangen.ch\/lokal\/wp-json\/wp\/v2\/comments?post=1171"}],"version-history":[{"count":1,"href":"https:\/\/feuerwehr-wiesendangen.ch\/lokal\/wp-json\/wp\/v2\/posts\/1171\/revisions"}],"predecessor-version":[{"id":1172,"href":"https:\/\/feuerwehr-wiesendangen.ch\/lokal\/wp-json\/wp\/v2\/posts\/1171\/revisions\/1172"}],"wp:attachment":[{"href":"https:\/\/feuerwehr-wiesendangen.ch\/lokal\/wp-json\/wp\/v2\/media?parent=1171"}],"wp:term":[{"taxonomy":"category","embeddable":true,"href":"https:\/\/feuerwehr-wiesendangen.ch\/lokal\/wp-json\/wp\/v2\/categories?post=1171"},{"taxonomy":"post_tag","embeddable":true,"href":"https:\/\/feuerwehr-wiesendangen.ch\/lokal\/wp-json\/wp\/v2\/tags?post=1171"}],"curies":[{"name":"wp","href":"https:\/\/api.w.org\/{rel}","templated":true}]}}