{"id":108,"date":"2019-04-14T19:29:53","date_gmt":"2019-04-14T17:29:53","guid":{"rendered":"http:\/\/www.feuerwehr-wiesendangen.ch\/lokal\/?p=108"},"modified":"2019-06-13T23:33:56","modified_gmt":"2019-06-13T21:33:56","slug":"plaene","status":"publish","type":"post","link":"https:\/\/feuerwehr-wiesendangen.ch\/lokal\/plaene\/","title":{"rendered":"\u00dcbersicht inkl. Umgebung"},"content":{"rendered":"\n<figure class=\"wp-block-image\"><a href=\"http:\/\/www.feuerwehr-wiesendangen.ch\/lokal\/wp-content\/uploads\/2019\/06\/\u00dcbersichtsplan.png\"><img loading=\"lazy\" decoding=\"async\" width=\"300\" height=\"265\" src=\"http:\/\/www.feuerwehr-wiesendangen.ch\/lokal\/wp-content\/uploads\/2019\/06\/\u00dcbersichtsplan-300x265.png\" alt=\"\" class=\"wp-image-351\" srcset=\"https:\/\/feuerwehr-wiesendangen.ch\/lokal\/wp-content\/uploads\/2019\/06\/\u00dcbersichtsplan-300x265.png 300w, https:\/\/feuerwehr-wiesendangen.ch\/lokal\/wp-content\/uploads\/2019\/06\/\u00dcbersichtsplan-768x680.png 768w, https:\/\/feuerwehr-wiesendangen.ch\/lokal\/wp-content\/uploads\/2019\/06\/\u00dcbersichtsplan-1024x906.png 1024w, https:\/\/feuerwehr-wiesendangen.ch\/lokal\/wp-content\/uploads\/2019\/06\/\u00dcbersichtsplan.png 1130w\" sizes=\"auto, (max-width: 300px) 100vw, 300px\" \/><\/a><figcaption>\u00dcbersicht inkl. Parkplatz<\/figcaption><\/figure>\n\n\n\n<p class=\"wp-block-paragraph\">Im Zuge dieses Projekts wird auch der bestehende Kiesplatz auf der Nordseite des Feuerwehr-Lokals durch die Gemeinde neu gestaltet. Die Parkpl\u00e4tze werden zuk\u00fcnftig im Rahmen des neuen <a href=\"http:\/\/www.wiesendangen.ch\/dl.php\/de\/5acdf26c4d480\/180329_Erlaeuterungsbericht_RP.pdf\" target=\"_blank\" rel=\"noreferrer noopener\" aria-label=\"Verkehrrichtplans  (\u00f6ffnet in neuem Tab)\">Verkehrrichtplans <\/a>(29.03.2018, Kapitel 2.2.2) durch die Gemeinde bewirtschaftet. <\/p>\n\n\n\n<p class=\"wp-block-paragraph\">Um im Einsatz gen\u00fcgend Parkpl\u00e4tze f\u00fcr einr\u00fcckende Feuerwehr-Angeh\u00f6rige zu haben, wird die Feuerwehr 10 fix zugeteilte Parkpl\u00e4tze erhalten.<\/p>\n","protected":false},"excerpt":{"rendered":"<p>Im Zuge dieses Projekts wird auch der bestehende Kiesplatz auf der Nordseite des Feuerwehr-Lokals durch die Gemeinde neu gestaltet. Die Parkpl\u00e4tze werden zuk\u00fcnftig im Rahmen des neuen Verkehrrichtplans (29.03.2018, Kapitel 2.2.2) durch die Gemeinde bewirtschaftet. Um im Einsatz gen\u00fcgend Parkpl\u00e4tze f\u00fcr einr\u00fcckende Feuerwehr-Angeh\u00f6rige zu haben, wird die Feuerwehr 10 fix zugeteilte Parkpl\u00e4tze erhalten.<\/p>\n","protected":false},"author":1,"featured_media":0,"comment_status":"closed","ping_status":"closed","sticky":false,"template":"","format":"standard","meta":{"ngg_post_thumbnail":0,"wpmdr_menu":1,"wpmdr_menu_extended":{"individualPostRemove":1,"individualPostRemoveDate":1,"individualPostRemoveAuthor":1,"individualPostYoastRemovePublished":1,"individualPostYoastRemoveModified":1},"footnotes":""},"categories":[7],"tags":[],"class_list":["post-108","post","type-post","status-publish","format-standard","hentry","category-projektvorschlag"],"_links":{"self":[{"href":"https:\/\/feuerwehr-wiesendangen.ch\/lokal\/wp-json\/wp\/v2\/posts\/108","targetHints":{"allow":["GET"]}}],"collection":[{"href":"https:\/\/feuerwehr-wiesendangen.ch\/lokal\/wp-json\/wp\/v2\/posts"}],"about":[{"href":"https:\/\/feuerwehr-wiesendangen.ch\/lokal\/wp-json\/wp\/v2\/types\/post"}],"author":[{"embeddable":true,"href":"https:\/\/feuerwehr-wiesendangen.ch\/lokal\/wp-json\/wp\/v2\/users\/1"}],"replies":[{"embeddable":true,"href":"https:\/\/feuerwehr-wiesendangen.ch\/lokal\/wp-json\/wp\/v2\/comments?post=108"}],"version-history":[{"count":17,"href":"https:\/\/feuerwehr-wiesendangen.ch\/lokal\/wp-json\/wp\/v2\/posts\/108\/revisions"}],"predecessor-version":[{"id":405,"href":"https:\/\/feuerwehr-wiesendangen.ch\/lokal\/wp-json\/wp\/v2\/posts\/108\/revisions\/405"}],"wp:attachment":[{"href":"https:\/\/feuerwehr-wiesendangen.ch\/lokal\/wp-json\/wp\/v2\/media?parent=108"}],"wp:term":[{"taxonomy":"category","embeddable":true,"href":"https:\/\/feuerwehr-wiesendangen.ch\/lokal\/wp-json\/wp\/v2\/categories?post=108"},{"taxonomy":"post_tag","embeddable":true,"href":"https:\/\/feuerwehr-wiesendangen.ch\/lokal\/wp-json\/wp\/v2\/tags?post=108"}],"curies":[{"name":"wp","href":"https:\/\/api.w.org\/{rel}","templated":true}]}}